{"id":3275,"date":"2025-07-31T12:19:36","date_gmt":"2025-07-31T10:19:36","guid":{"rendered":"https:\/\/koda-advisory.pl\/pl\/?p=3275"},"modified":"2025-08-06T12:10:49","modified_gmt":"2025-08-06T10:10:49","slug":"nowe-stawki-kilometrowki-2026-dobra-wiadomosc-dla-uzytkownikow-elektrykow-i-hybryd","status":"publish","type":"post","link":"https:\/\/koda-advisory.pl\/pl\/blog\/2025\/07\/31\/nowe-stawki-kilometrowki-2026-dobra-wiadomosc-dla-uzytkownikow-elektrykow-i-hybryd\/","title":{"rendered":"Nowe stawki kilometr\u00f3wki 2026 \u2013 dobra wiadomo\u015b\u0107 dla u\u017cytkownik\u00f3w elektryk\u00f3w i hybryd"},"content":{"rendered":"\n<section class=\"post-header section max-w-full\">\n<div class=\"post-header__inner-container inner-container is-root-container\">\n<div class=\"post-terms taxonomy-category\">\n\t<span class=\"screen-reader-text\">\n\t\tPost terms:\t<\/span>\n\t<ul class=\"post-terms__list\">\n\t\t\t\t\t<li class=\"post-terms__list-item\">\n\t\t\t\t<a href=\"https:\/\/koda-advisory.pl\/pl\/blog\/category\/alert\/\" class=\"post-term\">Alert<\/a>\n\t\t\t<\/li>\n\t\t\t\t\t<li class=\"post-terms__list-item\">\n\t\t\t\t<a href=\"https:\/\/koda-advisory.pl\/pl\/blog\/category\/podatki-ksiegowosc\/\" class=\"post-term\">Podatki &amp; Ksi\u0119gowo\u015b\u0107<\/a>\n\t\t\t<\/li>\n\t\t\t<\/ul>\n<\/div>\n\n\n\n<h1 class=\"post-header__title heading max-w-wide txt-center\"><strong><strong><strong><strong><strong>Nowe stawki kilometr\u00f3wki 2026 \u2013 dobra wiadomo\u015b\u0107 dla u\u017cytkownik\u00f3w elektryk\u00f3w i hybryd<\/strong><\/strong><\/strong><\/strong><\/strong><\/h1>\n\n\n\n<div class=\"post-date\">\n\t<span class=\"screen-reader-text\">\n\t\tPublished on:\t<\/span>\n\t<time class=\"post-date__published\" datetime=\"2025-07-31T12:19:36+02:00\">\n\t\t31 lipca, 2025 12:19 pm\t<\/time>\n<\/div>\n<\/div>\n<\/section>\n\n\n\n<section class=\"post-content section max-w-full\">\n<div class=\"post-content__inner-container inner-container is-root-container\">\n<figure class=\"post-content__image image max-w-wide\"><div class=\"inner-container r-2:1\"><img loading=\"lazy\" decoding=\"async\" src=\"https:\/\/koda-advisory.pl\/pl\/wp-content\/uploads\/sites\/2\/2025\/07\/paul-siewert-wt95hEp5JAY-unsplash-scaled.jpg\" alt=\"jad\u0105ce auto na drodze miejskiej\" class=\"wp-image-3269 is-cropped\" width=\"2560\" height=\"1707\" srcset=\"https:\/\/koda-advisory.pl\/pl\/wp-content\/uploads\/sites\/2\/2025\/07\/paul-siewert-wt95hEp5JAY-unsplash-scaled.jpg 2560w, https:\/\/koda-advisory.pl\/pl\/wp-content\/uploads\/sites\/2\/2025\/07\/paul-siewert-wt95hEp5JAY-unsplash-768x512.jpg 768w, https:\/\/koda-advisory.pl\/pl\/wp-content\/uploads\/sites\/2\/2025\/07\/paul-siewert-wt95hEp5JAY-unsplash-1280x853.jpg 1280w, https:\/\/koda-advisory.pl\/pl\/wp-content\/uploads\/sites\/2\/2025\/07\/paul-siewert-wt95hEp5JAY-unsplash-256x171.jpg 256w, https:\/\/koda-advisory.pl\/pl\/wp-content\/uploads\/sites\/2\/2025\/07\/paul-siewert-wt95hEp5JAY-unsplash-1024x683.jpg 1024w, https:\/\/koda-advisory.pl\/pl\/wp-content\/uploads\/sites\/2\/2025\/07\/paul-siewert-wt95hEp5JAY-unsplash-1536x1024.jpg 1536w, https:\/\/koda-advisory.pl\/pl\/wp-content\/uploads\/sites\/2\/2025\/07\/paul-siewert-wt95hEp5JAY-unsplash-2048x1365.jpg 2048w, https:\/\/koda-advisory.pl\/pl\/wp-content\/uploads\/sites\/2\/2025\/07\/paul-siewert-wt95hEp5JAY-unsplash-512x341.jpg 512w\" sizes=\"auto, (max-width: 2560px) 100vw, 2560px\" \/><\/div><\/figure>\n\n\n\n<div class=\"post-content__sidebar container\">\n<div class=\"post-content__sidebar-content container\">\n<nav class=\"toc\"><ul class=\"toc__list\">\n<li class=\"toc__list-item\"><a href=\"#wstep\" class=\"toc__link js-toc-link\">Wst\u0119p<\/a><\/li>\n\n\n\n<li class=\"toc__list-item\"><a href=\"#istota\" class=\"toc__link js-toc-link\">Co si\u0119 zmienia?<\/a><\/li>\n\n\n\n<li class=\"toc__list-item\"><a href=\"#stawki\" class=\"toc__link js-toc-link\">Nowe stawki kilometr\u00f3wki<\/a><\/li>\n\n\n\n<li class=\"toc__list-item\"><a href=\"#wyzwania\" class=\"toc__link js-toc-link\">Co to oznacza dla pracownik\u00f3w i pracodawc\u00f3w?<\/a><\/li>\n\n\n\n<li class=\"toc__list-item\"><a href=\"#auta\" class=\"toc__link js-toc-link\">Dlaczego auta elektryczne maj\u0105 ni\u017csz\u0105 stawk\u0119?<\/a><\/li>\n\n\n\n<li class=\"toc__list-item\"><a href=\"#wyj\u0105tki\" class=\"toc__link js-toc-link\">Uwaga na wyj\u0105tki<\/a><\/li>\n<\/ul><\/nav>\n<\/div>\n<\/div>\n\n\n\n<div class=\"post-content__main container\">\n<p id=\"wstep\" class=\"text is-style-lead\"><strong>W drugiej po\u0142owie 2025 roku szykuj\u0105 si\u0119 zmiany w przepisach dotycz\u0105cych tzw. kilometr\u00f3wki \u2013 czyli zwrotu koszt\u00f3w u\u017cywania prywatnych pojazd\u00f3w do cel\u00f3w s\u0142u\u017cbowych. Nowelizacja przepis\u00f3w obejmie nie tylko podniesienie stawek, ale tak\u017ce \u2013 co r\u00f3wnie wa\u017cne \u2013 rozszerzenie katalogu pojazd\u00f3w obj\u0119tych ulg\u0105 o samochody elektryczne, hybrydowe oraz nap\u0119dzane wodorem.<\/strong><\/p>\n\n\n\n<div class=\"separator mt-8 mb-8\"><span class=\"separator__line\"><\/span><\/div>\n\n\n\n<h2 id=\"istota\" class=\"heading h-24\"><strong>Co si\u0119 zmienia?<\/strong><\/h2>\n\n\n\n<p>Ministerstwo Infrastruktury przygotowa\u0142o projekt rozporz\u0105dzenia, kt\u00f3re zostanie uchwalone po zako\u0144czeniu nowelizacji ustawy o transporcie drogowym. Wprowadzi ono:<\/p>\n\n\n\n<ul class=\"list\">\n<li class=\"list-item\"><span class=\"text\">nowe, wy\u017csze stawki kilometr\u00f3wki,<\/span><\/li>\n\n\n\n<li class=\"list-item\"><span class=\"text\">w\u0142\u0105czenie do katalogu pojazd\u00f3w uprawnionych do zwrotu koszt\u00f3w aut elektrycznych, hybrydowych i wodorowych,<\/span><\/li>\n\n\n\n<li class=\"list-item\"><span class=\"text\">nowe kryteria \u2013 zamiast pojemno\u015bci silnika, decyduj\u0105ca b\u0119dzie moc i rodzaj nap\u0119du.<\/span><\/li>\n<\/ul>\n\n\n\n<p>Obecnie stawki za 1 km przebiegu wynosz\u0105:<\/p>\n\n\n\n<ul class=\"list\">\n<li class=\"list-item\"><span class=\"text\">0,89 z\u0142 \u2013 dla samochodu osobowego o pojemno\u015bci skokowej silnika do 900 cm sze\u015bc.,<\/span><\/li>\n\n\n\n<li class=\"list-item\"><span class=\"text\">1,15 z\u0142 \u2013 dla samochodu osobowego o pojemno\u015bci skokowej silnika powy\u017cej 900 cm sze\u015bc.,<\/span><\/li>\n\n\n\n<li class=\"list-item\"><span class=\"text\">0,69 z\u0142 \u2013 dla motocykla,<\/span><\/li>\n\n\n\n<li class=\"list-item\"><span class=\"text\">0,42 z\u0142 \u2013 dla motoroweru.<\/span><\/li>\n<\/ul>\n\n\n\n<p class=\"text\">Stawki te nie zmieni\u0142y si\u0119 od 17 stycznia 2023 r.<\/p>\n\n\n\n<div class=\"separator mt-8 mb-8\"><span class=\"separator__line\"><\/span><\/div>\n\n\n\n<h2 id=\"stawki\" class=\"heading h-24\"><strong>Nowe stawki kilometr\u00f3wki<\/strong><\/h2>\n\n\n\n<p>Zgodnie z projektem, kilometr\u00f3wka b\u0119dzie zr\u00f3\u017cnicowana ze wzgl\u0119du na rodzaj nap\u0119du i moc silnika. Przyk\u0142adowe stawki:<\/p>\n\n\n\n<p><strong>Samochody osobowe spalinowe<\/strong>:<\/p>\n\n\n\n<li class=\"list-item\"><span class=\"text\">do 75 kW \u2013 1,04 z\u0142\/km<\/span><\/li>\n\n\n\n<li class=\"list-item\"><span class=\"text\">powy\u017cej 75 kW \u2013 1,34 z\u0142\/km<\/span><\/li>\n\n\n\n<p><strong>Samochody hybrydowe<\/strong>:<\/p>\n\n\n\n<ul class=\"list\">\n<li class=\"list-item\"><span class=\"text\">do 75 kW \u2013 0,83 z\u0142\/km<\/span><\/li>\n\n\n\n<li class=\"list-item\"><span class=\"text\">powy\u017cej 75 kW \u2013 1,10 z\u0142\/km<\/span><\/li>\n<\/ul>\n\n\n\n<p><strong>Samochody elektryczne \/ wodorowe<\/strong> \u2013 0,60 z\u0142\/km<br><br><strong>Motocykle<\/strong>:<\/p>\n\n\n\n<ul class=\"list\">\n<li class=\"list-item\"><span class=\"text\">spalinowe \u2013 0,75 z\u0142\/km<\/span><\/li>\n\n\n\n<li class=\"list-item\"><span class=\"text\">elektryczne \u2013 0,35 z\u0142\/km<\/span><\/li>\n<\/ul>\n\n\n\n<p><strong>Motorowery<\/strong>:<\/p>\n\n\n\n<ul class=\"list\">\n<li class=\"list-item\"><span class=\"text\">spalinowe \u2013 0,45 z\u0142\/km<\/span><\/li>\n\n\n\n<li class=\"list-item\"><span class=\"text\">elektryczne \u2013 0,20 z\u0142\/km<\/span><\/li>\n<\/ul>\n\n\n\n<div class=\"separator mt-8 mb-8\"><span class=\"separator__line\"><\/span><\/div>\n\n\n\n<h2 id=\"wyzwania\" class=\"heading h-24\"><strong>Co to oznacza dla pracownik\u00f3w i pracodawc\u00f3w?<\/strong><\/h2>\n\n\n\n<p>Wzrost stawek to wi\u0119ksze, <strong>nieopodatkowane<\/strong> zwroty koszt\u00f3w dla os\u00f3b korzystaj\u0105cych z prywatnych pojazd\u00f3w w celach s\u0142u\u017cbowych \u2013 zar\u00f3wno podczas delegacji, jak i jazd lokalnych (w zale\u017cno\u015bci od sytuacji prawnej).<\/p>\n\n\n\n<p>Dzi\u0119ki w\u0142\u0105czeniu aut alternatywnie nap\u0119dzanych do rozlicze\u0144 kilometr\u00f3wki, pracownicy przestan\u0105 traci\u0107 na podatkach, a pracodawcy zyskaj\u0105 mo\u017cliwo\u015b\u0107 zaliczenia zwrotu do koszt\u00f3w uzyskania przychodu \u2013 oczywi\u015bcie w ramach obowi\u0105zuj\u0105cych limit\u00f3w.<\/p>\n\n\n\n<div class=\"separator mt-8 mb-8\"><span class=\"separator__line\"><\/span><\/div>\n\n\n\n<h2 id=\"auta\" class=\"heading h-24\"><strong>Dlaczego auta elektryczne maj\u0105 ni\u017csz\u0105 stawk\u0119?<\/strong><\/h2>\n\n\n\n<p>Ministerstwo argumentuje ni\u017csze stawki dla pojazd\u00f3w elektrycznych ni\u017cszymi kosztami eksploatacji: mniejsza liczba cz\u0119\u015bci, ni\u017csze ryzyko awarii, wi\u0119ksza efektywno\u015b\u0107 energetyczna. To z kolei ma uzasadnia\u0107 ni\u017csze stawki zwrotu.<\/p>\n\n\n\n<div class=\"separator mt-8 mb-8\"><span class=\"separator__line\"><\/span><\/div>\n\n\n\n<h2 id=\"wyj\u0105tki\" class=\"heading h-24\"><strong>Uwaga na wyj\u0105tki<\/strong><\/h2>\n\n\n\n<p>W przypadku jazd lokalnych zwolnienia podatkowe wci\u0105\u017c mog\u0105 dotyczy\u0107 wy\u0142\u0105cznie okre\u015blonych grup zawodowych (m.in. pracownik\u00f3w socjalnych, kurator\u00f3w, stra\u017cnik\u00f3w le\u015bnych czy listonoszy), co potwierdza zar\u00f3wno fiskus, jak i cz\u0119\u015b\u0107 s\u0105d\u00f3w administracyjnych.<\/p>\n\n\n\n<div class=\"cta container\">\n<p id=\"\" class=\"cta__text text\">Making business easier.<\/p>\n\n\n\n<div class=\"cta__buttons buttons gap-8\">\n<a href=\"contact-us\" class=\"cta__button button\" target=\"_self\" rel=\"noopener noreferrer\"><span class=\"button__text\">Skontaktuj si\u0119 z nami<\/span><span class=\"button__icon\"><svg xmlns=\"http:\/\/www.w3.org\/2000\/svg\" width=\"11\" height=\"9\" viewBox=\"0 0 11 9\">\n\t<path d=\"M6.20299 0L5.35452 0.795937L8.70343 3.9375H0V5.0625H8.70343L5.35452 8.20406L6.20299 9L11 4.5L6.20299 0Z\" \/>\n<\/svg><\/span><span class=\"button__bg\"><\/span><\/a>\n<\/div>\n\n\n\n<img loading=\"lazy\" decoding=\"async\" src=\"https:\/\/koda-advisory.pl\/pl\/wp-content\/uploads\/sites\/2\/2023\/07\/911065-1.jpg\" class=\"cta__background image wp-image-655\" width=\"588\" height=\"320\" srcset=\"https:\/\/koda-advisory.pl\/pl\/wp-content\/uploads\/sites\/2\/2023\/07\/911065-1.jpg 588w, https:\/\/koda-advisory.pl\/pl\/wp-content\/uploads\/sites\/2\/2023\/07\/911065-1-256x139.jpg 256w, https:\/\/koda-advisory.pl\/pl\/wp-content\/uploads\/sites\/2\/2023\/07\/911065-1-512x279.jpg 512w\" sizes=\"auto, (max-width: 588px) 100vw, 588px\" \/>\n<\/div>\n\n\n\n<div class=\"separator mt-64 mb-16\"><span class=\"separator__line\"><\/span><\/div>\n\n\n\n<div class=\"post-meta\">\n\t<div class=\"post-meta__inner-container\">\n\n\t\t<div class=\"post-meta__date\">\n\t\t\t<span class=\"screen-reader-text\">\n\t\t\t\tPublished on:\t\t\t<\/span>\n\t\t\t<time class=\"post-meta__date-published\" datetime=\"2025-07-31T12:19:36+02:00\">\n\t\t\t\t2025-07-31\t\t\t<\/time>\n\t\t<\/div>\n\n\t\t\n\t\t<div class=\"post-meta__author\">\n\t\t\t<a href=\"https:\/\/koda-advisory.pl\/pl\/blog\/author\/l-korbas\/\" class=\"post-meta__author-name\">\n\t\t\t\t<span class=\"post-meta__author-by\">\n\t\t\t\t\tBy\t\t\t\t<\/span>\n\t\t\t\t<span class=\"post-meta__author-name\">\n\t\t\t\t\t\t\t\t\t\t\t\t\t\t<\/span>\n\t\t\t<\/a>\n\t\t\t<a href=\"javascript:void(0)\" class=\"post-meta__author-email\" data-encoded=\"bWFpbHRvOmwua29yYmFzQGtvZGEtYWR2aXNvcnkucGw=\">\n\t\t\t    <span class=\"text-decoded\">Please enable JavaScript in your browser.<\/span>\n\t\t\t<\/a>\n\t\t<\/div>\n\n\t\t<div class=\"post-meta__share\">\n\t\t\t<span class=\"post-meta__share-label\">\n\t\t\t\tShare\t\t\t<\/span>\n\t\t\t<div class=\"post-meta__share-links\">\n\t\t\t\t<a href=\"https:\/\/www.facebook.com\/sharer.php?u=https:\/\/koda-advisory.pl\/pl\/blog\/2025\/07\/31\/nowe-stawki-kilometrowki-2026-dobra-wiadomosc-dla-uzytkownikow-elektrykow-i-hybryd\/\" class=\"post-meta__share-link icon-button is-style-outlined\" target=\"_blank\">\n\t\t\t\t\t<span class=\"screen-reader-text\">Facebook<\/span>\n\t\t\t\t\t<span class=\"icon\"><svg xmlns=\"http:\/\/www.w3.org\/2000\/svg\" width=\"9.336\" height=\"17.997\" viewBox=\"0 0 9.336 17.997\">\n\t\t\t\t<path d=\"M7.652 2.988h1.684V.127A22.323 22.323 0 0 0 6.869 0C4.425 0 2.747 1.492 2.747 4.231v2.355H0v3.209h2.753v8.201h3.312V9.801h2.767l.411-3.209H6.064V4.548c0-.926.258-1.56 1.588-1.56z\"\/>\n\t\t\t<\/svg><\/span>\n\t\t\t\t<\/a>\n\t\t\t\t<a href=\"https:\/\/www.linkedin.com\/shareArticle?url=https:\/\/koda-advisory.pl\/pl\/blog\/2025\/07\/31\/nowe-stawki-kilometrowki-2026-dobra-wiadomosc-dla-uzytkownikow-elektrykow-i-hybryd\/\" class=\"post-meta__share-link icon-button is-style-outlined\" target=\"_blank\">\n\t\t\t\t\t<span class=\"screen-reader-text\">Linkedin<\/span>\n\t\t\t\t\t<span class=\"icon-button__icon\"><svg xmlns=\"http:\/\/www.w3.org\/2000\/svg\" width=\"18.205\" height=\"18.174\" viewBox=\"0 0 18.205 18.174\">\n\t\t\t\t<circle cx=\"2.188\" cy=\"2.188\" r=\"2.188\"\/>\n\t\t\t\t<path d=\"M.3 6.034h3.775v12.139H.3zM13.681 5.734c-1.836 0-3.065 1.007-3.568 1.96h-.051v-1.66h-3.62v12.139h3.769v-6.002c0-1.584.3-3.119 2.263-3.119 1.938 0 1.961 1.813 1.961 3.219v5.904h3.771v-6.658c-.001-3.27-.705-5.783-4.525-5.783z\"\/>\n\t\t\t<\/svg><\/span>\n\t\t\t\t<\/a>\n\t\t\t\t<a href=\"https:\/\/twitter.com\/share?url=https:\/\/koda-advisory.pl\/pl\/blog\/2025\/07\/31\/nowe-stawki-kilometrowki-2026-dobra-wiadomosc-dla-uzytkownikow-elektrykow-i-hybryd\/\" class=\"post-meta__share-link icon-button is-style-outlined\" target=\"_blank\">\n\t\t\t\t\t<span class=\"screen-reader-text\">Twitter<\/span>\n\t\t\t\t\t<span class=\"icon-button__icon\"><svg xmlns=\"http:\/\/www.w3.org\/2000\/svg\" width=\"19.652\" height=\"15.961\" viewBox=\"0 0 19.652 15.961\">\n\t\t\t\t<path d=\"M19.652 1.895a8.1 8.1 0 0 1-2.319.624 4.016 4.016 0 0 0 1.771-2.22 7.925 7.925 0 0 1-2.557.973A4.009 4.009 0 0 0 13.606 0h-.004a4.023 4.023 0 0 0-4.024 4.028c0 .312.038.623.101.923A11.462 11.462 0 0 1 1.372.736a3.986 3.986 0 0 0-.549 2.032 4.021 4.021 0 0 0 1.796 3.353 4.038 4.038 0 0 1-1.82-.51v.049a4.027 4.027 0 0 0 3.23 3.953 4.24 4.24 0 0 1-1.061.137c-.262 0-.512-.023-.761-.061a4.037 4.037 0 0 0 3.768 2.793 8.074 8.074 0 0 1-5.001 1.721c-.337 0-.649-.014-.974-.051a11.382 11.382 0 0 0 6.187 1.809c7.406 0 11.46-6.135 11.46-11.459 0-.174 0-.348-.015-.523a8.654 8.654 0 0 0 2.02-2.084z\"\/>\n\t\t\t<\/svg><\/span>\n\t\t\t\t<\/a>\n\t\t\t<\/div>\n\t\t<\/div>\n\n\t<\/div>\n<\/div>\n<\/div>\n<\/div>\n<\/section>\n\n\n\n<p><\/p>\n","protected":false},"excerpt":{"rendered":"","protected":false},"author":2,"featured_media":3269,"comment_status":"closed","ping_status":"closed","sticky":false,"template":"","format":"standard","meta":{"inline_featured_image":false,"footnotes":""},"categories":[32,10],"tags":[],"class_list":["post-3275","post","type-post","status-publish","format-standard","has-post-thumbnail","hentry","category-alert","category-podatki-ksiegowosc"],"yoast_head":"<!-- This site is optimized with the Yoast SEO plugin v24.8 - https:\/\/yoast.com\/wordpress\/plugins\/seo\/ -->\n<title>Nowe stawki kilometr\u00f3wki 2026 \u2013 dobra wiadomo\u015b\u0107 dla u\u017cytkownik\u00f3w elektryk\u00f3w i hybryd<\/title>\n<meta name=\"description\" content=\"W drugiej po\u0142owie 2025 r. zmieni\u0105 si\u0119 zasady tzw. kilometr\u00f3wki. Wy\u017csze stawki i ulga tak\u017ce dla aut elektrycznych, hybryd i na wod\u00f3r. Dowiedz si\u0119 wi\u0119cej.\" \/>\n<meta name=\"robots\" content=\"index, follow, max-snippet:-1, max-image-preview:large, max-video-preview:-1\" \/>\n<link rel=\"canonical\" href=\"https:\/\/koda-advisory.pl\/pl\/blog\/2025\/07\/31\/nowe-stawki-kilometrowki-2026-dobra-wiadomosc-dla-uzytkownikow-elektrykow-i-hybryd\/\" \/>\n<meta property=\"og:locale\" content=\"pl_PL\" \/>\n<meta property=\"og:type\" content=\"article\" \/>\n<meta property=\"og:title\" content=\"Nowe stawki kilometr\u00f3wki 2026 \u2013 dobra wiadomo\u015b\u0107 dla u\u017cytkownik\u00f3w elektryk\u00f3w i hybryd\" \/>\n<meta property=\"og:description\" content=\"W drugiej po\u0142owie 2025 r. zmieni\u0105 si\u0119 zasady tzw. kilometr\u00f3wki. Wy\u017csze stawki i ulga tak\u017ce dla aut elektrycznych, hybryd i na wod\u00f3r. Dowiedz si\u0119 wi\u0119cej.\" \/>\n<meta property=\"og:url\" content=\"https:\/\/koda-advisory.pl\/pl\/blog\/2025\/07\/31\/nowe-stawki-kilometrowki-2026-dobra-wiadomosc-dla-uzytkownikow-elektrykow-i-hybryd\/\" \/>\n<meta property=\"og:site_name\" content=\"Koda Advisory PL\" \/>\n<meta property=\"article:publisher\" content=\"https:\/\/www.facebook.com\/Koda.Advisory\/\" \/>\n<meta property=\"article:published_time\" content=\"2025-07-31T10:19:36+00:00\" \/>\n<meta property=\"article:modified_time\" content=\"2025-08-06T10:10:49+00:00\" \/>\n<meta property=\"og:image\" content=\"https:\/\/koda-advisory.pl\/pl\/wp-content\/uploads\/sites\/2\/2025\/07\/paul-siewert-wt95hEp5JAY-unsplash-scaled.jpg\" \/>\n\t<meta property=\"og:image:width\" content=\"2560\" \/>\n\t<meta property=\"og:image:height\" content=\"1707\" \/>\n\t<meta property=\"og:image:type\" content=\"image\/jpeg\" \/>\n<meta name=\"author\" content=\"l.korbas\" \/>\n<meta name=\"twitter:card\" content=\"summary_large_image\" \/>\n<meta name=\"twitter:label1\" content=\"Napisane przez\" \/>\n\t<meta name=\"twitter:data1\" content=\"l.korbas\" \/>\n\t<meta name=\"twitter:label2\" content=\"Szacowany czas czytania\" \/>\n\t<meta name=\"twitter:data2\" content=\"3 minuty\" \/>\n<script type=\"application\/ld+json\" class=\"yoast-schema-graph\">{\"@context\":\"https:\/\/schema.org\",\"@graph\":[{\"@type\":\"Article\",\"@id\":\"https:\/\/koda-advisory.pl\/pl\/blog\/2025\/07\/31\/nowe-stawki-kilometrowki-2026-dobra-wiadomosc-dla-uzytkownikow-elektrykow-i-hybryd\/#article\",\"isPartOf\":{\"@id\":\"https:\/\/koda-advisory.pl\/pl\/blog\/2025\/07\/31\/nowe-stawki-kilometrowki-2026-dobra-wiadomosc-dla-uzytkownikow-elektrykow-i-hybryd\/\"},\"author\":{\"name\":\"l.korbas\",\"@id\":\"https:\/\/koda-advisory.pl\/pl\/#\/schema\/person\/8d59ef61e6cd98a50862c209c9c65614\"},\"headline\":\"Nowe stawki kilometr\u00f3wki 2026 \u2013 dobra wiadomo\u015b\u0107 dla u\u017cytkownik\u00f3w elektryk\u00f3w i hybryd\",\"datePublished\":\"2025-07-31T10:19:36+00:00\",\"dateModified\":\"2025-08-06T10:10:49+00:00\",\"mainEntityOfPage\":{\"@id\":\"https:\/\/koda-advisory.pl\/pl\/blog\/2025\/07\/31\/nowe-stawki-kilometrowki-2026-dobra-wiadomosc-dla-uzytkownikow-elektrykow-i-hybryd\/\"},\"wordCount\":473,\"publisher\":{\"@id\":\"https:\/\/koda-advisory.pl\/pl\/#organization\"},\"image\":{\"@id\":\"https:\/\/koda-advisory.pl\/pl\/blog\/2025\/07\/31\/nowe-stawki-kilometrowki-2026-dobra-wiadomosc-dla-uzytkownikow-elektrykow-i-hybryd\/#primaryimage\"},\"thumbnailUrl\":\"https:\/\/koda-advisory.pl\/pl\/wp-content\/uploads\/sites\/2\/2025\/07\/paul-siewert-wt95hEp5JAY-unsplash-scaled.jpg\",\"articleSection\":[\"Alert\",\"Podatki &amp; Ksi\u0119gowo\u015b\u0107\"],\"inLanguage\":\"pl-PL\"},{\"@type\":\"WebPage\",\"@id\":\"https:\/\/koda-advisory.pl\/pl\/blog\/2025\/07\/31\/nowe-stawki-kilometrowki-2026-dobra-wiadomosc-dla-uzytkownikow-elektrykow-i-hybryd\/\",\"url\":\"https:\/\/koda-advisory.pl\/pl\/blog\/2025\/07\/31\/nowe-stawki-kilometrowki-2026-dobra-wiadomosc-dla-uzytkownikow-elektrykow-i-hybryd\/\",\"name\":\"Nowe stawki kilometr\u00f3wki 2026 \u2013 dobra wiadomo\u015b\u0107 dla u\u017cytkownik\u00f3w elektryk\u00f3w i hybryd\",\"isPartOf\":{\"@id\":\"https:\/\/koda-advisory.pl\/pl\/#website\"},\"primaryImageOfPage\":{\"@id\":\"https:\/\/koda-advisory.pl\/pl\/blog\/2025\/07\/31\/nowe-stawki-kilometrowki-2026-dobra-wiadomosc-dla-uzytkownikow-elektrykow-i-hybryd\/#primaryimage\"},\"image\":{\"@id\":\"https:\/\/koda-advisory.pl\/pl\/blog\/2025\/07\/31\/nowe-stawki-kilometrowki-2026-dobra-wiadomosc-dla-uzytkownikow-elektrykow-i-hybryd\/#primaryimage\"},\"thumbnailUrl\":\"https:\/\/koda-advisory.pl\/pl\/wp-content\/uploads\/sites\/2\/2025\/07\/paul-siewert-wt95hEp5JAY-unsplash-scaled.jpg\",\"datePublished\":\"2025-07-31T10:19:36+00:00\",\"dateModified\":\"2025-08-06T10:10:49+00:00\",\"description\":\"W drugiej po\u0142owie 2025 r. zmieni\u0105 si\u0119 zasady tzw. kilometr\u00f3wki. Wy\u017csze stawki i ulga tak\u017ce dla aut elektrycznych, hybryd i na wod\u00f3r. Dowiedz si\u0119 wi\u0119cej.\",\"breadcrumb\":{\"@id\":\"https:\/\/koda-advisory.pl\/pl\/blog\/2025\/07\/31\/nowe-stawki-kilometrowki-2026-dobra-wiadomosc-dla-uzytkownikow-elektrykow-i-hybryd\/#breadcrumb\"},\"inLanguage\":\"pl-PL\",\"potentialAction\":[{\"@type\":\"ReadAction\",\"target\":[\"https:\/\/koda-advisory.pl\/pl\/blog\/2025\/07\/31\/nowe-stawki-kilometrowki-2026-dobra-wiadomosc-dla-uzytkownikow-elektrykow-i-hybryd\/\"]}]},{\"@type\":\"ImageObject\",\"inLanguage\":\"pl-PL\",\"@id\":\"https:\/\/koda-advisory.pl\/pl\/blog\/2025\/07\/31\/nowe-stawki-kilometrowki-2026-dobra-wiadomosc-dla-uzytkownikow-elektrykow-i-hybryd\/#primaryimage\",\"url\":\"https:\/\/koda-advisory.pl\/pl\/wp-content\/uploads\/sites\/2\/2025\/07\/paul-siewert-wt95hEp5JAY-unsplash-scaled.jpg\",\"contentUrl\":\"https:\/\/koda-advisory.pl\/pl\/wp-content\/uploads\/sites\/2\/2025\/07\/paul-siewert-wt95hEp5JAY-unsplash-scaled.jpg\",\"width\":2560,\"height\":1707},{\"@type\":\"BreadcrumbList\",\"@id\":\"https:\/\/koda-advisory.pl\/pl\/blog\/2025\/07\/31\/nowe-stawki-kilometrowki-2026-dobra-wiadomosc-dla-uzytkownikow-elektrykow-i-hybryd\/#breadcrumb\",\"itemListElement\":[{\"@type\":\"ListItem\",\"position\":1,\"name\":\"Home\",\"item\":\"https:\/\/koda-advisory.pl\/pl\/\"},{\"@type\":\"ListItem\",\"position\":2,\"name\":\"Nowe stawki kilometr\u00f3wki 2026 \u2013 dobra wiadomo\u015b\u0107 dla u\u017cytkownik\u00f3w elektryk\u00f3w i hybryd\"}]},{\"@type\":\"WebSite\",\"@id\":\"https:\/\/koda-advisory.pl\/pl\/#website\",\"url\":\"https:\/\/koda-advisory.pl\/pl\/\",\"name\":\"Koda Advisory PL\",\"description\":\"\",\"publisher\":{\"@id\":\"https:\/\/koda-advisory.pl\/pl\/#organization\"},\"potentialAction\":[{\"@type\":\"SearchAction\",\"target\":{\"@type\":\"EntryPoint\",\"urlTemplate\":\"https:\/\/koda-advisory.pl\/pl\/?s={search_term_string}\"},\"query-input\":{\"@type\":\"PropertyValueSpecification\",\"valueRequired\":true,\"valueName\":\"search_term_string\"}}],\"inLanguage\":\"pl-PL\"},{\"@type\":\"Organization\",\"@id\":\"https:\/\/koda-advisory.pl\/pl\/#organization\",\"name\":\"Koda Advisory\",\"url\":\"https:\/\/koda-advisory.pl\/pl\/\",\"logo\":{\"@type\":\"ImageObject\",\"inLanguage\":\"pl-PL\",\"@id\":\"https:\/\/koda-advisory.pl\/pl\/#\/schema\/logo\/image\/\",\"url\":\"https:\/\/koda-advisory.pl\/pl\/wp-content\/uploads\/sites\/2\/2023\/07\/logo-dark-blue.svg\",\"contentUrl\":\"https:\/\/koda-advisory.pl\/pl\/wp-content\/uploads\/sites\/2\/2023\/07\/logo-dark-blue.svg\",\"width\":1,\"height\":1,\"caption\":\"Koda Advisory\"},\"image\":{\"@id\":\"https:\/\/koda-advisory.pl\/pl\/#\/schema\/logo\/image\/\"},\"sameAs\":[\"https:\/\/www.facebook.com\/Koda.Advisory\/\",\"https:\/\/www.linkedin.com\/company\/99105218\"]},{\"@type\":\"Person\",\"@id\":\"https:\/\/koda-advisory.pl\/pl\/#\/schema\/person\/8d59ef61e6cd98a50862c209c9c65614\",\"name\":\"l.korbas\",\"image\":{\"@type\":\"ImageObject\",\"inLanguage\":\"pl-PL\",\"@id\":\"https:\/\/koda-advisory.pl\/pl\/#\/schema\/person\/image\/\",\"url\":\"https:\/\/secure.gravatar.com\/avatar\/0782461f1dabc80397085b7b106362b4?s=96&d=mm&r=g\",\"contentUrl\":\"https:\/\/secure.gravatar.com\/avatar\/0782461f1dabc80397085b7b106362b4?s=96&d=mm&r=g\",\"caption\":\"l.korbas\"},\"url\":\"https:\/\/koda-advisory.pl\/pl\/blog\/author\/l-korbas\/\"}]}<\/script>\n<!-- \/ Yoast SEO plugin. -->","yoast_head_json":{"title":"Nowe stawki kilometr\u00f3wki 2026 \u2013 dobra wiadomo\u015b\u0107 dla u\u017cytkownik\u00f3w elektryk\u00f3w i hybryd","description":"W drugiej po\u0142owie 2025 r. zmieni\u0105 si\u0119 zasady tzw. kilometr\u00f3wki. Wy\u017csze stawki i ulga tak\u017ce dla aut elektrycznych, hybryd i na wod\u00f3r. Dowiedz si\u0119 wi\u0119cej.","robots":{"index":"index","follow":"follow","max-snippet":"max-snippet:-1","max-image-preview":"max-image-preview:large","max-video-preview":"max-video-preview:-1"},"canonical":"https:\/\/koda-advisory.pl\/pl\/blog\/2025\/07\/31\/nowe-stawki-kilometrowki-2026-dobra-wiadomosc-dla-uzytkownikow-elektrykow-i-hybryd\/","og_locale":"pl_PL","og_type":"article","og_title":"Nowe stawki kilometr\u00f3wki 2026 \u2013 dobra wiadomo\u015b\u0107 dla u\u017cytkownik\u00f3w elektryk\u00f3w i hybryd","og_description":"W drugiej po\u0142owie 2025 r. zmieni\u0105 si\u0119 zasady tzw. kilometr\u00f3wki. Wy\u017csze stawki i ulga tak\u017ce dla aut elektrycznych, hybryd i na wod\u00f3r. Dowiedz si\u0119 wi\u0119cej.","og_url":"https:\/\/koda-advisory.pl\/pl\/blog\/2025\/07\/31\/nowe-stawki-kilometrowki-2026-dobra-wiadomosc-dla-uzytkownikow-elektrykow-i-hybryd\/","og_site_name":"Koda Advisory PL","article_publisher":"https:\/\/www.facebook.com\/Koda.Advisory\/","article_published_time":"2025-07-31T10:19:36+00:00","article_modified_time":"2025-08-06T10:10:49+00:00","og_image":[{"width":2560,"height":1707,"url":"https:\/\/koda-advisory.pl\/pl\/wp-content\/uploads\/sites\/2\/2025\/07\/paul-siewert-wt95hEp5JAY-unsplash-scaled.jpg","type":"image\/jpeg"}],"author":"l.korbas","twitter_card":"summary_large_image","twitter_misc":{"Napisane przez":"l.korbas","Szacowany czas czytania":"3 minuty"},"schema":{"@context":"https:\/\/schema.org","@graph":[{"@type":"Article","@id":"https:\/\/koda-advisory.pl\/pl\/blog\/2025\/07\/31\/nowe-stawki-kilometrowki-2026-dobra-wiadomosc-dla-uzytkownikow-elektrykow-i-hybryd\/#article","isPartOf":{"@id":"https:\/\/koda-advisory.pl\/pl\/blog\/2025\/07\/31\/nowe-stawki-kilometrowki-2026-dobra-wiadomosc-dla-uzytkownikow-elektrykow-i-hybryd\/"},"author":{"name":"l.korbas","@id":"https:\/\/koda-advisory.pl\/pl\/#\/schema\/person\/8d59ef61e6cd98a50862c209c9c65614"},"headline":"Nowe stawki kilometr\u00f3wki 2026 \u2013 dobra wiadomo\u015b\u0107 dla u\u017cytkownik\u00f3w elektryk\u00f3w i hybryd","datePublished":"2025-07-31T10:19:36+00:00","dateModified":"2025-08-06T10:10:49+00:00","mainEntityOfPage":{"@id":"https:\/\/koda-advisory.pl\/pl\/blog\/2025\/07\/31\/nowe-stawki-kilometrowki-2026-dobra-wiadomosc-dla-uzytkownikow-elektrykow-i-hybryd\/"},"wordCount":473,"publisher":{"@id":"https:\/\/koda-advisory.pl\/pl\/#organization"},"image":{"@id":"https:\/\/koda-advisory.pl\/pl\/blog\/2025\/07\/31\/nowe-stawki-kilometrowki-2026-dobra-wiadomosc-dla-uzytkownikow-elektrykow-i-hybryd\/#primaryimage"},"thumbnailUrl":"https:\/\/koda-advisory.pl\/pl\/wp-content\/uploads\/sites\/2\/2025\/07\/paul-siewert-wt95hEp5JAY-unsplash-scaled.jpg","articleSection":["Alert","Podatki &amp; Ksi\u0119gowo\u015b\u0107"],"inLanguage":"pl-PL"},{"@type":"WebPage","@id":"https:\/\/koda-advisory.pl\/pl\/blog\/2025\/07\/31\/nowe-stawki-kilometrowki-2026-dobra-wiadomosc-dla-uzytkownikow-elektrykow-i-hybryd\/","url":"https:\/\/koda-advisory.pl\/pl\/blog\/2025\/07\/31\/nowe-stawki-kilometrowki-2026-dobra-wiadomosc-dla-uzytkownikow-elektrykow-i-hybryd\/","name":"Nowe stawki kilometr\u00f3wki 2026 \u2013 dobra wiadomo\u015b\u0107 dla u\u017cytkownik\u00f3w elektryk\u00f3w i hybryd","isPartOf":{"@id":"https:\/\/koda-advisory.pl\/pl\/#website"},"primaryImageOfPage":{"@id":"https:\/\/koda-advisory.pl\/pl\/blog\/2025\/07\/31\/nowe-stawki-kilometrowki-2026-dobra-wiadomosc-dla-uzytkownikow-elektrykow-i-hybryd\/#primaryimage"},"image":{"@id":"https:\/\/koda-advisory.pl\/pl\/blog\/2025\/07\/31\/nowe-stawki-kilometrowki-2026-dobra-wiadomosc-dla-uzytkownikow-elektrykow-i-hybryd\/#primaryimage"},"thumbnailUrl":"https:\/\/koda-advisory.pl\/pl\/wp-content\/uploads\/sites\/2\/2025\/07\/paul-siewert-wt95hEp5JAY-unsplash-scaled.jpg","datePublished":"2025-07-31T10:19:36+00:00","dateModified":"2025-08-06T10:10:49+00:00","description":"W drugiej po\u0142owie 2025 r. zmieni\u0105 si\u0119 zasady tzw. kilometr\u00f3wki. Wy\u017csze stawki i ulga tak\u017ce dla aut elektrycznych, hybryd i na wod\u00f3r. Dowiedz si\u0119 wi\u0119cej.","breadcrumb":{"@id":"https:\/\/koda-advisory.pl\/pl\/blog\/2025\/07\/31\/nowe-stawki-kilometrowki-2026-dobra-wiadomosc-dla-uzytkownikow-elektrykow-i-hybryd\/#breadcrumb"},"inLanguage":"pl-PL","potentialAction":[{"@type":"ReadAction","target":["https:\/\/koda-advisory.pl\/pl\/blog\/2025\/07\/31\/nowe-stawki-kilometrowki-2026-dobra-wiadomosc-dla-uzytkownikow-elektrykow-i-hybryd\/"]}]},{"@type":"ImageObject","inLanguage":"pl-PL","@id":"https:\/\/koda-advisory.pl\/pl\/blog\/2025\/07\/31\/nowe-stawki-kilometrowki-2026-dobra-wiadomosc-dla-uzytkownikow-elektrykow-i-hybryd\/#primaryimage","url":"https:\/\/koda-advisory.pl\/pl\/wp-content\/uploads\/sites\/2\/2025\/07\/paul-siewert-wt95hEp5JAY-unsplash-scaled.jpg","contentUrl":"https:\/\/koda-advisory.pl\/pl\/wp-content\/uploads\/sites\/2\/2025\/07\/paul-siewert-wt95hEp5JAY-unsplash-scaled.jpg","width":2560,"height":1707},{"@type":"BreadcrumbList","@id":"https:\/\/koda-advisory.pl\/pl\/blog\/2025\/07\/31\/nowe-stawki-kilometrowki-2026-dobra-wiadomosc-dla-uzytkownikow-elektrykow-i-hybryd\/#breadcrumb","itemListElement":[{"@type":"ListItem","position":1,"name":"Home","item":"https:\/\/koda-advisory.pl\/pl\/"},{"@type":"ListItem","position":2,"name":"Nowe stawki kilometr\u00f3wki 2026 \u2013 dobra wiadomo\u015b\u0107 dla u\u017cytkownik\u00f3w elektryk\u00f3w i hybryd"}]},{"@type":"WebSite","@id":"https:\/\/koda-advisory.pl\/pl\/#website","url":"https:\/\/koda-advisory.pl\/pl\/","name":"Koda Advisory PL","description":"","publisher":{"@id":"https:\/\/koda-advisory.pl\/pl\/#organization"},"potentialAction":[{"@type":"SearchAction","target":{"@type":"EntryPoint","urlTemplate":"https:\/\/koda-advisory.pl\/pl\/?s={search_term_string}"},"query-input":{"@type":"PropertyValueSpecification","valueRequired":true,"valueName":"search_term_string"}}],"inLanguage":"pl-PL"},{"@type":"Organization","@id":"https:\/\/koda-advisory.pl\/pl\/#organization","name":"Koda Advisory","url":"https:\/\/koda-advisory.pl\/pl\/","logo":{"@type":"ImageObject","inLanguage":"pl-PL","@id":"https:\/\/koda-advisory.pl\/pl\/#\/schema\/logo\/image\/","url":"https:\/\/koda-advisory.pl\/pl\/wp-content\/uploads\/sites\/2\/2023\/07\/logo-dark-blue.svg","contentUrl":"https:\/\/koda-advisory.pl\/pl\/wp-content\/uploads\/sites\/2\/2023\/07\/logo-dark-blue.svg","width":1,"height":1,"caption":"Koda Advisory"},"image":{"@id":"https:\/\/koda-advisory.pl\/pl\/#\/schema\/logo\/image\/"},"sameAs":["https:\/\/www.facebook.com\/Koda.Advisory\/","https:\/\/www.linkedin.com\/company\/99105218"]},{"@type":"Person","@id":"https:\/\/koda-advisory.pl\/pl\/#\/schema\/person\/8d59ef61e6cd98a50862c209c9c65614","name":"l.korbas","image":{"@type":"ImageObject","inLanguage":"pl-PL","@id":"https:\/\/koda-advisory.pl\/pl\/#\/schema\/person\/image\/","url":"https:\/\/secure.gravatar.com\/avatar\/0782461f1dabc80397085b7b106362b4?s=96&d=mm&r=g","contentUrl":"https:\/\/secure.gravatar.com\/avatar\/0782461f1dabc80397085b7b106362b4?s=96&d=mm&r=g","caption":"l.korbas"},"url":"https:\/\/koda-advisory.pl\/pl\/blog\/author\/l-korbas\/"}]}},"post_thumbnail":{"src":"https:\/\/koda-advisory.pl\/pl\/wp-content\/uploads\/sites\/2\/2025\/07\/paul-siewert-wt95hEp5JAY-unsplash-512x341.jpg","width":512,"height":341,"caption":""},"author_info":{"display_name":"l.korbas","author_link":"https:\/\/koda-advisory.pl\/pl\/blog\/author\/l-korbas\/","avatar":"<img alt='' src='https:\/\/secure.gravatar.com\/avatar\/0782461f1dabc80397085b7b106362b4?s=48&#038;d=mm&#038;r=g' srcset='https:\/\/secure.gravatar.com\/avatar\/0782461f1dabc80397085b7b106362b4?s=96&#038;d=mm&#038;r=g 2x' class='avatar avatar-48 photo' height='48' width='48' loading='lazy' decoding='async'\/>"},"post_categories":[{"category_link":"https:\/\/koda-advisory.pl\/pl\/blog\/category\/alert\/","category_name":"Alert"},{"category_link":"https:\/\/koda-advisory.pl\/pl\/blog\/category\/podatki-ksiegowosc\/","category_name":"Podatki &amp; Ksi\u0119gowo\u015b\u0107"}],"_links":{"self":[{"href":"https:\/\/koda-advisory.pl\/pl\/wp-json\/wp\/v2\/posts\/3275","targetHints":{"allow":["GET"]}}],"collection":[{"href":"https:\/\/koda-advisory.pl\/pl\/wp-json\/wp\/v2\/posts"}],"about":[{"href":"https:\/\/koda-advisory.pl\/pl\/wp-json\/wp\/v2\/types\/post"}],"author":[{"embeddable":true,"href":"https:\/\/koda-advisory.pl\/pl\/wp-json\/wp\/v2\/users\/2"}],"replies":[{"embeddable":true,"href":"https:\/\/koda-advisory.pl\/pl\/wp-json\/wp\/v2\/comments?post=3275"}],"version-history":[{"count":4,"href":"https:\/\/koda-advisory.pl\/pl\/wp-json\/wp\/v2\/posts\/3275\/revisions"}],"predecessor-version":[{"id":3283,"href":"https:\/\/koda-advisory.pl\/pl\/wp-json\/wp\/v2\/posts\/3275\/revisions\/3283"}],"wp:featuredmedia":[{"embeddable":true,"href":"https:\/\/koda-advisory.pl\/pl\/wp-json\/wp\/v2\/media\/3269"}],"wp:attachment":[{"href":"https:\/\/koda-advisory.pl\/pl\/wp-json\/wp\/v2\/media?parent=3275"}],"wp:term":[{"taxonomy":"category","embeddable":true,"href":"https:\/\/koda-advisory.pl\/pl\/wp-json\/wp\/v2\/categories?post=3275"},{"taxonomy":"post_tag","embeddable":true,"href":"https:\/\/koda-advisory.pl\/pl\/wp-json\/wp\/v2\/tags?post=3275"}],"curies":[{"name":"wp","href":"https:\/\/api.w.org\/{rel}","templated":true}]}}