{"id":3415,"date":"2025-09-17T17:03:25","date_gmt":"2025-09-17T15:03:25","guid":{"rendered":"https:\/\/koda-advisory.pl\/pl\/?p=3415"},"modified":"2025-09-18T10:25:18","modified_gmt":"2025-09-18T08:25:18","slug":"planowane-zmiany-podatkowe-od-2026-roku-przeglad","status":"publish","type":"post","link":"https:\/\/koda-advisory.pl\/pl\/blog\/2025\/09\/17\/planowane-zmiany-podatkowe-od-2026-roku-przeglad\/","title":{"rendered":"Planowane zmiany podatkowe od 2026 roku \u2013 przegl\u0105d"},"content":{"rendered":"\n<section class=\"post-header section max-w-full\">\n<div class=\"post-header__inner-container inner-container is-root-container\">\n<div class=\"post-terms taxonomy-category\">\n\t<span class=\"screen-reader-text\">\n\t\tPost terms:\t<\/span>\n\t<ul class=\"post-terms__list\">\n\t\t\t\t\t<li class=\"post-terms__list-item\">\n\t\t\t\t<a href=\"https:\/\/koda-advisory.pl\/pl\/blog\/category\/alert\/\" class=\"post-term\">Alert<\/a>\n\t\t\t<\/li>\n\t\t\t\t\t<li class=\"post-terms__list-item\">\n\t\t\t\t<a href=\"https:\/\/koda-advisory.pl\/pl\/blog\/category\/podatki-ksiegowosc\/\" class=\"post-term\">Podatki &amp; Ksi\u0119gowo\u015b\u0107<\/a>\n\t\t\t<\/li>\n\t\t\t<\/ul>\n<\/div>\n\n\n\n<h1 class=\"post-header__title heading max-w-wide txt-center\"><strong><strong><strong><strong><strong><strong><strong><strong><strong><strong><strong><strong>Planowane zmiany podatkowe od 2026 roku \u2013 przegl\u0105d<\/strong><\/strong><\/strong><\/strong><\/strong><\/strong><\/strong><\/strong><\/strong><\/strong><\/strong><\/strong><\/h1>\n\n\n\n<div class=\"post-date\">\n\t<span class=\"screen-reader-text\">\n\t\tPublished on:\t<\/span>\n\t<time class=\"post-date__published\" datetime=\"2025-09-17T17:03:25+02:00\">\n\t\t17 wrze\u015bnia, 2025 5:03 pm\t<\/time>\n<\/div>\n<\/div>\n<\/section>\n\n\n\n<section class=\"post-content section max-w-full\">\n<div class=\"post-content__inner-container inner-container is-root-container\">\n<figure class=\"post-content__image image max-w-wide\"><div class=\"inner-container r-2:1\"><img loading=\"lazy\" decoding=\"async\" src=\"https:\/\/koda-advisory.pl\/pl\/wp-content\/uploads\/sites\/2\/2025\/01\/jon-tyson-qAQsVsSxp_w-unsplash-scaled.jpg\" class=\"wp-image-2607 is-cropped\" width=\"1920\" height=\"2560\" srcset=\"https:\/\/koda-advisory.pl\/pl\/wp-content\/uploads\/sites\/2\/2025\/01\/jon-tyson-qAQsVsSxp_w-unsplash-scaled.jpg 1920w, https:\/\/koda-advisory.pl\/pl\/wp-content\/uploads\/sites\/2\/2025\/01\/jon-tyson-qAQsVsSxp_w-unsplash-768x1024.jpg 768w, https:\/\/koda-advisory.pl\/pl\/wp-content\/uploads\/sites\/2\/2025\/01\/jon-tyson-qAQsVsSxp_w-unsplash-1280x1707.jpg 1280w, https:\/\/koda-advisory.pl\/pl\/wp-content\/uploads\/sites\/2\/2025\/01\/jon-tyson-qAQsVsSxp_w-unsplash-256x341.jpg 256w, https:\/\/koda-advisory.pl\/pl\/wp-content\/uploads\/sites\/2\/2025\/01\/jon-tyson-qAQsVsSxp_w-unsplash-1024x1365.jpg 1024w, https:\/\/koda-advisory.pl\/pl\/wp-content\/uploads\/sites\/2\/2025\/01\/jon-tyson-qAQsVsSxp_w-unsplash-1152x1536.jpg 1152w, https:\/\/koda-advisory.pl\/pl\/wp-content\/uploads\/sites\/2\/2025\/01\/jon-tyson-qAQsVsSxp_w-unsplash-1536x2048.jpg 1536w, https:\/\/koda-advisory.pl\/pl\/wp-content\/uploads\/sites\/2\/2025\/01\/jon-tyson-qAQsVsSxp_w-unsplash-512x683.jpg 512w\" sizes=\"auto, (max-width: 1920px) 100vw, 1920px\" \/><\/div><\/figure>\n\n\n\n<div class=\"post-content__sidebar container\">\n<div class=\"post-content__sidebar-content container\">\n<nav class=\"toc\"><ul class=\"toc__list\">\n<li class=\"toc__list-item\"><a href=\"#wstep\" class=\"toc__link js-toc-link\">Wst\u0119p<\/a><\/li>\n\n\n\n<li class=\"toc__list-item\"><a href=\"#istota\" class=\"toc__link js-toc-link\">Tabelaryczne przedstawienie zmian<\/a><\/li>\n\n\n\n<li class=\"toc__list-item\"><a href=\"#uprawnienia\" class=\"toc__link js-toc-link\">Podsumowanie <\/a><\/li>\n\n\n\n<li class=\"toc__list-item\"><a href=\"#pomoc\" class=\"toc__link js-toc-link\">W czym mo\u017cemy pom\u00f3c?<\/a><\/li>\n<\/ul><\/nav>\n<\/div>\n<\/div>\n\n\n\n<div class=\"post-content__main container\">\n<p id=\"wstep\" class=\"text is-style-lead\"><strong><strong>Ministerstwo Finans\u00f3w przygotowa\u0142o obszerny projekt nowelizacji ustaw o podatkach dochodowych (<\/strong><a href=\"https:\/\/www.gov.pl\/web\/premier\/projekt-ustawy-o-zmianie-ustawy-o-podatku-dochodowym-od-osob-fizycznych-ustawy-o-podatku-dochodowym-od-osob-prawnych-oraz-niektorych-innych-ustaw6\"><strong>link do projektu<\/strong><\/a><strong>), kt\u00f3rego wej\u015bcie w \u017cycie zaplanowane jest na 1 stycznia 2026 roku. <\/strong><\/strong><\/p>\n\n\n\n<p><strong><strong>Celem planowanych zmian jest uszczelnienie systemu podatkowego, poprawa jego przejrzysto\u015bci oraz eliminacja luki interpretacyjnej i optymalizacyjnej. Poni\u017cej przedstawiamy szczeg\u00f3\u0142owe zmiany zawarte w projekcie.<\/strong><\/strong><\/p>\n\n\n\n<p id=\"istota\"><span style=\"text-decoration: underline\">Projektowane zmiany<\/span><\/p>\n\n\n\n<figure class=\"wp-block-table\"><table class=\"has-fixed-layout\"><tbody><tr><td><strong>PIT | Opodatkowanie nieodp\u0142atnego przekazywania ruchomo\u015bci najbli\u017cszej rodzinie<\/strong><\/td><td>Wyd\u0142u\u017cenie z 6 miesi\u0119cy do 3 lat okresu, w kt\u00f3rym sprzeda\u017c rzeczy ruchomej przekazanej najbli\u017cszej rodzinie (lub innej osobie zwolnionej z podatku od spadk\u00f3w i darowizn) po wykupie z leasingu operacyjnego rodzi obowi\u0105zek zap\u0142aty PIT \u2013 opodatkowanie przy szybkim zbyciu takich sk\u0142adnik\u00f3w maj\u0105tku<\/td><\/tr><tr><td><strong>PIT | Datio in solutum &#8211; jednoznaczne okre\u015blenie przychodu z odp\u0142atnego zbycia praw w\u0142asno\u015bci przy regulacji zobowi\u0105za\u0144<\/strong><\/td><td>Doprecyzowanie, \u017ce przekazanie nieruchomo\u015bci, praw maj\u0105tkowych lub innych rzeczy w zamian za zwolnienie z d\u0142ugu (np. sp\u0142at\u0119 kredytu) stanowi odp\u0142atne zbycie \u2013 przychodem jest wysoko\u015b\u0107 uregulowanego zobowi\u0105zania &#8211; takie transakcja b\u0119d\u0105 podlega\u0107 PIT<\/td><\/tr><tr><td><strong>PIT | Rozszerzenie zasad opodatkowania instrument\u00f3w finansowych w programach lojalno\u015bciowych<\/strong><\/td><td>Zakres zasady przypisania do \u017ar\u00f3d\u0142a przychod\u00f3w ma obj\u0105\u0107 tak\u017ce przychody z instrument\u00f3w, kt\u00f3re obecnie s\u0105 niejako poza zakresem, np. warranty subskrypcyjne<\/td><\/tr><tr><td><strong>PIT | Doprecyzowanie poj\u0119cia \u201ew\u0142asnych cel\u00f3w mieszkaniowych\u201d w uldze mieszkaniowej<\/strong><\/td><td>Ulga ma s\u0142u\u017cy\u0107 realizacji faktycznych potrzeb mieszkaniowych przez nabycie nieruchomo\u015bci, lokalu mieszkalnego lub gruntu pod w\u0142asny dom, pod warunkiem braku posiadania innych nieruchomo\u015bci czy lokali przez podatnika; ograniczenie mo\u017cliwo\u015bci korzystania z ulgi przy wsp\u00f3\u0142w\u0142asno\u015bci powy\u017cej 50% oraz doprecyzowano zasady dla ma\u0142\u017conk\u00f3w i sp\u0142aty kredytu mieszkaniowego<\/td><\/tr><tr><td><strong>PIT | Uregulowanie rozliczania daniny solidarno\u015bciowej<\/strong><\/td><td>Mo\u017cliwo\u015b\u0107 pomniejszenia podstawy obliczenia daniny o straty z lat ubieg\u0142ych z tego samego \u017ar\u00f3d\u0142a, z jednoczesnym rozszerzeniem podstawy o dochody z preferencyjnego IP Box<\/td><\/tr><tr><td><strong>PIT | Opodatkowanie us\u0142ug \u015bwiadczonych na rzecz podmiot\u00f3w powi\u0105zanych przez podatnik\u00f3w rycza\u0142towych<\/strong><\/td><td>Stawka 17% od przychodu za us\u0142ugi wykonywane na rzecz powi\u0105zanych podmiot\u00f3w ma ograniczy\u0107 mechanizmy optymalizacyjne zmniejszaj\u0105ce podatek np. od dywidend<\/td><\/tr><tr><td><strong>PIT i CIT | Zbycie udzia\u0142\u00f3w i akcji<\/strong> <strong>sp\u00f3\u0142ki powsta\u0142ej z przekszta\u0142cenia<\/strong><\/td><td>Doprecyzowanie zasad ustalania koszt\u00f3w podatkowych przy sprzeda\u017cy udzia\u0142\u00f3w (akcji) sp\u00f3\u0142ki powsta\u0142ej z przekszta\u0142cenia<\/td><\/tr><tr><td><strong>PIT i CIT | Opodatkowanie dochod\u00f3w wsp\u00f3lnik\u00f3w ze sp\u00f3\u0142ek po przekszta\u0142ceniu i szybkiej likwidacji<\/strong><\/td><td>Maj\u0105tek likwidacyjny sp\u00f3\u0142ki osobowej powsta\u0142ej z przekszta\u0142cenia sp\u00f3\u0142ki kapita\u0142owej b\u0119dzie opodatkowany, je\u015bli likwidacja nast\u0105pi w ci\u0105gu 3 lat od przekszta\u0142cenia; \u015brodki i sk\u0142adniki maj\u0105tku przekazywane wsp\u00f3lnikom zostan\u0105 zakwalifikowane jako dochody z kapita\u0142\u00f3w pieni\u0119\u017cnych, a warto\u015b\u0107 pocz\u0105tkowa aktyw\u00f3w do amortyzacji b\u0119dzie ustalana wed\u0142ug warto\u015bci rynkowej<\/td><\/tr><tr><td><strong>PIT i CIT | Ograniczenie mo\u017cliwo\u015bci dokonywania wstecznych zmian stawek amortyzacyjnych<\/strong><\/td><td>Po z\u0142o\u017ceniu zeznania rocznego i zap\u0142acie podatku nie b\u0119dzie mo\u017cna ju\u017c wstecznie zmienia\u0107 stawek amortyzacyjnych<\/td><\/tr><tr><td><strong>PIT i CIT | Ograniczenie korzystania z preferencji IP Box<\/strong><\/td><td>Warunkiem zastosowania ulgi IP Box b\u0119dzie zatrudnienie minimum 3 os\u00f3b fizycznych nieb\u0119d\u0105cych podmiotami powi\u0105zanymi z podatnikiem<\/td><\/tr><tr><td><strong>PIT i CIT | Amortyzacja warto\u015bci firmy<\/strong><\/td><td>Wy\u0142\u0105czenie amortyzacji warto\u015bci firmy powstaj\u0105cej na skutek przyj\u0119cia przedsi\u0119biorstwa lub jego zorganizowanej cz\u0119\u015bci do odp\u0142atnego korzystania<\/td><\/tr><tr><td><strong>PIT i CIT | Doprecyzowanie mechanizmu bezpiecznej przystani dla transakcji po\u017cyczkowych<\/strong><\/td><td>Obejmowa\u0107 ma wy\u0142\u0105cznie po\u017cyczki z oprocentowaniem zmiennym (stopa bazowa + mar\u017ca), przy zastosowaniu stopy i mar\u017cy zgodnej z aktualnym obwieszczeniem MF, z okre\u015blon\u0105 minimaln\u0105 cz\u0119stotliwo\u015bci\u0105 aktualizacji oprocentowania<\/td><\/tr><tr><td><strong>PIT i CIT | Umorzenie udzia\u0142\u00f3w lub obni\u017cenie ich warto\u015bci<\/strong><\/td><td>W przypadku zmniejszenia warto\u015bci nominalnej udzia\u0142\u00f3w\/akcji (cz\u0119\u015bciowe umorzenie) przych\u00f3d wsp\u00f3lnika b\u0119dzie pomniejszany o proporcjonaln\u0105 cz\u0119\u015b\u0107 koszt\u00f3w ich nabycia; niewykorzystana cz\u0119\u015b\u0107 koszt\u00f3w pozostaje do rozliczenia przy przysz\u0142ym zbyciu, umorzeniu lub kolejnym obni\u017ceniu warto\u015bci udzia\u0142\u00f3w<\/td><\/tr><tr><td><strong>CIT | Doprecyzowanie definicji ma\u0142ego podatnika przy niestandardowym roku podatkowym<\/strong><\/td><td>Wprowadzenie regu\u0142 korygowania warto\u015bci przychod\u00f3w w przypadku roku podatkowego kr\u00f3tszego lub d\u0142u\u017cszego ni\u017c 12 miesi\u0119cy<\/td><\/tr><tr><td><strong>CIT | Nowa definicja podatnika rozpoczynaj\u0105cego dzia\u0142alno\u015b\u0107 oraz podatnika rozpoczynaj\u0105cego prowadzenie dzia\u0142alno\u015bci w ustawie o CIT<\/strong><\/td><td>Wy\u0142\u0105czenie z tej kategorii podmiot\u00f3w kontynuuj\u0105cych dzia\u0142alno\u015b\u0107 innego przedsi\u0119biorcy<\/td><\/tr><tr><td><strong>CIT | Przerzucone dochody<\/strong><\/td><td>Zmiany doprecyzowuj\u0105ce przepisy w zakresie podatku od przerzuconych odchod\u00f3w, m.in. uchylenie warunku konieczno\u015bci osi\u0105gania 50% przychod\u00f3w zagranicznego podmiotu powi\u0105zanego z okre\u015blonych p\u0142atno\u015bci czy modyfikacja limitu 3% wydatk\u00f3w w taki spos\u00f3b, aby przy ustalaniu limitu przerzuconych dochod\u00f3w uwzgl\u0119dniane by\u0142y tak\u017ce koszty rozliczane jako odpisy amortyzacyjne lub umorzeniowe od warto\u015bci pocz\u0105tkowej \u015brodk\u00f3w trwa\u0142ych lub warto\u015bci niematerialnych i prawnych<\/td><\/tr><tr><td><strong>CIT | Minimalny CIT<\/strong><\/td><td>Zr\u00f3\u017cnicowanie stawki uproszczonej podstawy opodatkowania w zale\u017cno\u015bci od wielko\u015bci podatnika (5% przychod\u00f3w operacyjnych dla du\u017cych podatnik\u00f3w, 3% dla pozosta\u0142ych) oraz skracaj\u0105 okres, w kt\u00f3rym podatnik musi wykaza\u0107 minimaln\u0105 2% rentowno\u015b\u0107, aby zosta\u0107 wy\u0142\u0105czonym z opodatkowania<\/td><\/tr><tr><td><strong>CIT | Esto\u0144ski CIT &#8211; wyp\u0142aty<\/strong><\/td><td>Ka\u017cda wyp\u0142ata lub dystrybucja zysku po zako\u0144czeniu opodatkowania rycza\u0142tem traktowana b\u0119dzie jako rozdysponowanie dochodu z tytu\u0142u zysku netto osi\u0105gni\u0119tego w okresie rycza\u0142tu, co wi\u0105\u017ce si\u0119 z obowi\u0105zkiem zap\u0142aty rycza\u0142tu niezale\u017cnie od faktycznego \u017ar\u00f3d\u0142a wyp\u0142acanego zysku<\/td><\/tr><tr><td><strong>CIT | Esto\u0144ski CIT \u2013 ukryte zyski<\/strong><\/td><td>Doprecyzowanie definicji ukrytych zysk\u00f3w poprzez likwidacj\u0119 przes\u0142anki \u201ezwi\u0105zku z prawem do udzia\u0142u w zysku\u201d oraz poszerzenie katalogu \u015bwiadcze\u0144 uznawanych za ukryty zysk, obejmuj\u0105c m.in. op\u0142aty z tytu\u0142u najmu, dzier\u017cawy, licencji, wynagrodzenia za us\u0142ugi doradcze, po\u015brednictwa, zarz\u0105dzania, oraz powtarzaj\u0105ce si\u0119 \u015bwiadczenia niepieni\u0119\u017cne wyp\u0142acane wsp\u00f3lnikowi<\/td><\/tr><tr><td><strong>CIT | Esto\u0144ski CIT \u2013 nowe definicje<\/strong><\/td><td>Wprowadzenie definicji wydatk\u00f3w niezwi\u0105zanych z dzia\u0142alno\u015bci\u0105 gospodarcz\u0105<\/td><\/tr><tr><td><strong>CIT | Esto\u0144ski CIT \u2013 zmiana formy opodatkowania<\/strong><\/td><td>Wprowadzono wi\u0119ksz\u0105 elastyczno\u015b\u0107 przy przej\u015bciu na esto\u0144ski CIT, nawet je\u015bli sprawozdanie finansowe nie zosta\u0142o podpisane w terminie, o ile spe\u0142niono pozosta\u0142e wymogi<\/td><\/tr><\/tbody><\/table><\/figure>\n\n\n\n<div class=\"separator mt-8 mb-8\"><span class=\"separator__line\"><\/span><\/div>\n\n\n\n<p class=\"has-16-font-size\"><\/p>\n\n\n\n<div class=\"separator mt-8 mb-8\"><span class=\"separator__line\"><\/span><\/div>\n\n\n\n<p class=\"text\"><\/p>\n\n\n\n<div class=\"separator mt-8 mb-8\"><span class=\"separator__line\"><\/span><\/div>\n\n\n\n<h2 id=\"uprawnienia\" class=\"heading h-24\"><strong>Podsumowanie<\/strong><\/h2>\n\n\n\n<p>To ju\u017c kolejny projekt zmian w przepisach o podatkach dochodowych &#8211; po projekcie dotycz\u0105cym fundacji rodzinnych &#8211; maj\u0105cy na celu ograniczenie mo\u017cliwo\u015bci optymalizacyjnych. Cho\u0107 na chwil\u0119 obecn\u0105 nie jest jeszcze pewne, w jakim ostatecznym kszta\u0142cie przedstawione zmiany wejd\u0105 w \u017cycie, ju\u017c teraz mo\u017cna zauwa\u017cy\u0107 wyra\u017any kierunek, w kt\u00f3rym zmierzaj\u0105 regulacje podatkowe. <\/p>\n\n\n\n<p>Projektowane modyfikacje wskazuj\u0105 na rosn\u0105ce znaczenie doprecyzowania zasad opodatkowania, ograniczenia praktyk optymalizacyjnych oraz zwi\u0119kszenia transparentno\u015bci i przewidywalno\u015bci przepis\u00f3w. Wida\u0107 tak\u017ce tendencj\u0119 do powi\u0105zania preferencji podatkowych z rzeczywist\u0105 dzia\u0142alno\u015bci\u0105 gospodarcz\u0105 i wk\u0142adem ekonomicznym podatnik\u00f3w, co ma wzmocni\u0107 szczelno\u015b\u0107 systemu podatkowego i zapewni\u0107 sprawiedliwe traktowanie wszystkich podmiot\u00f3w.<\/p>\n\n\n\n<div class=\"separator mt-8 mb-8\"><span class=\"separator__line\"><\/span><\/div>\n\n\n\n<h2 id=\"pomoc\" class=\"heading h-24\"><strong>W czym mo\u017cemy pom\u00f3c?<\/strong><\/h2>\n\n\n\n<p class=\"text\">Wspieramy klient\u00f3w w analizie i przygotowaniu do zmian podatkowych oraz dostosowaniu struktur sp\u00f3\u0142ek i transakcji do nowego otoczenia prawno-podatkowego. Zach\u0119camy do kontaktu \u2013 wsp\u00f3lnie znajdziemy rozwi\u0105zania, kt\u00f3re pozwol\u0105 w pe\u0142ni wykorzysta\u0107 dost\u0119pne preferencje i mechanizmy podatkowe, minimalizuj\u0105c ryzyka i niepewno\u015b\u0107 wynikaj\u0105c\u0105 z projektowanych zmian.<\/p>\n\n\n\n<div class=\"cta container\">\n<p id=\"\" class=\"cta__text text\">Making business easier.<\/p>\n\n\n\n<div class=\"cta__buttons buttons gap-8\">\n<a href=\"contact-us\" class=\"cta__button button\" target=\"_self\" rel=\"noopener noreferrer\"><span class=\"button__text\">Skontaktuj si\u0119 z nami<\/span><span class=\"button__icon\"><svg xmlns=\"http:\/\/www.w3.org\/2000\/svg\" width=\"11\" height=\"9\" viewBox=\"0 0 11 9\">\n\t<path d=\"M6.20299 0L5.35452 0.795937L8.70343 3.9375H0V5.0625H8.70343L5.35452 8.20406L6.20299 9L11 4.5L6.20299 0Z\" \/>\n<\/svg><\/span><span class=\"button__bg\"><\/span><\/a>\n<\/div>\n\n\n\n<img loading=\"lazy\" decoding=\"async\" src=\"https:\/\/koda-advisory.pl\/pl\/wp-content\/uploads\/sites\/2\/2023\/07\/911065-1.jpg\" class=\"cta__background image wp-image-655\" width=\"588\" height=\"320\" srcset=\"https:\/\/koda-advisory.pl\/pl\/wp-content\/uploads\/sites\/2\/2023\/07\/911065-1.jpg 588w, https:\/\/koda-advisory.pl\/pl\/wp-content\/uploads\/sites\/2\/2023\/07\/911065-1-256x139.jpg 256w, https:\/\/koda-advisory.pl\/pl\/wp-content\/uploads\/sites\/2\/2023\/07\/911065-1-512x279.jpg 512w\" sizes=\"auto, (max-width: 588px) 100vw, 588px\" \/>\n<\/div>\n\n\n\n<div class=\"separator mt-64 mb-16\"><span class=\"separator__line\"><\/span><\/div>\n\n\n\n<div class=\"post-meta\">\n\t<div class=\"post-meta__inner-container\">\n\n\t\t<div class=\"post-meta__date\">\n\t\t\t<span class=\"screen-reader-text\">\n\t\t\t\tPublished on:\t\t\t<\/span>\n\t\t\t<time class=\"post-meta__date-published\" datetime=\"2025-09-17T17:03:25+02:00\">\n\t\t\t\t2025-09-17\t\t\t<\/time>\n\t\t<\/div>\n\n\t\t\n\t\t<div class=\"post-meta__author\">\n\t\t\t<a href=\"https:\/\/koda-advisory.pl\/pl\/blog\/author\/ebanaszak\/\" class=\"post-meta__author-name\">\n\t\t\t\t<span class=\"post-meta__author-by\">\n\t\t\t\t\tBy\t\t\t\t<\/span>\n\t\t\t\t<span class=\"post-meta__author-name\">\n\t\t\t\t\t\t\t\t\t\t\t\t\t\t<\/span>\n\t\t\t<\/a>\n\t\t\t<a href=\"javascript:void(0)\" class=\"post-meta__author-email\" data-encoded=\"bWFpbHRvOmUuYmFuYXN6YWtAa29kYS1hZHZpc29yeS5wbA==\">\n\t\t\t    <span class=\"text-decoded\">Please enable JavaScript in your browser.<\/span>\n\t\t\t<\/a>\n\t\t<\/div>\n\n\t\t<div class=\"post-meta__share\">\n\t\t\t<span class=\"post-meta__share-label\">\n\t\t\t\tShare\t\t\t<\/span>\n\t\t\t<div class=\"post-meta__share-links\">\n\t\t\t\t<a href=\"https:\/\/www.facebook.com\/sharer.php?u=https:\/\/koda-advisory.pl\/pl\/blog\/2025\/09\/17\/planowane-zmiany-podatkowe-od-2026-roku-przeglad\/\" class=\"post-meta__share-link icon-button is-style-outlined\" target=\"_blank\">\n\t\t\t\t\t<span class=\"screen-reader-text\">Facebook<\/span>\n\t\t\t\t\t<span class=\"icon\"><svg xmlns=\"http:\/\/www.w3.org\/2000\/svg\" width=\"9.336\" height=\"17.997\" viewBox=\"0 0 9.336 17.997\">\n\t\t\t\t<path d=\"M7.652 2.988h1.684V.127A22.323 22.323 0 0 0 6.869 0C4.425 0 2.747 1.492 2.747 4.231v2.355H0v3.209h2.753v8.201h3.312V9.801h2.767l.411-3.209H6.064V4.548c0-.926.258-1.56 1.588-1.56z\"\/>\n\t\t\t<\/svg><\/span>\n\t\t\t\t<\/a>\n\t\t\t\t<a href=\"https:\/\/www.linkedin.com\/shareArticle?url=https:\/\/koda-advisory.pl\/pl\/blog\/2025\/09\/17\/planowane-zmiany-podatkowe-od-2026-roku-przeglad\/\" class=\"post-meta__share-link icon-button is-style-outlined\" target=\"_blank\">\n\t\t\t\t\t<span class=\"screen-reader-text\">Linkedin<\/span>\n\t\t\t\t\t<span class=\"icon-button__icon\"><svg xmlns=\"http:\/\/www.w3.org\/2000\/svg\" width=\"18.205\" height=\"18.174\" viewBox=\"0 0 18.205 18.174\">\n\t\t\t\t<circle cx=\"2.188\" cy=\"2.188\" r=\"2.188\"\/>\n\t\t\t\t<path d=\"M.3 6.034h3.775v12.139H.3zM13.681 5.734c-1.836 0-3.065 1.007-3.568 1.96h-.051v-1.66h-3.62v12.139h3.769v-6.002c0-1.584.3-3.119 2.263-3.119 1.938 0 1.961 1.813 1.961 3.219v5.904h3.771v-6.658c-.001-3.27-.705-5.783-4.525-5.783z\"\/>\n\t\t\t<\/svg><\/span>\n\t\t\t\t<\/a>\n\t\t\t\t<a href=\"https:\/\/twitter.com\/share?url=https:\/\/koda-advisory.pl\/pl\/blog\/2025\/09\/17\/planowane-zmiany-podatkowe-od-2026-roku-przeglad\/\" class=\"post-meta__share-link icon-button is-style-outlined\" target=\"_blank\">\n\t\t\t\t\t<span class=\"screen-reader-text\">Twitter<\/span>\n\t\t\t\t\t<span class=\"icon-button__icon\"><svg xmlns=\"http:\/\/www.w3.org\/2000\/svg\" width=\"19.652\" height=\"15.961\" viewBox=\"0 0 19.652 15.961\">\n\t\t\t\t<path d=\"M19.652 1.895a8.1 8.1 0 0 1-2.319.624 4.016 4.016 0 0 0 1.771-2.22 7.925 7.925 0 0 1-2.557.973A4.009 4.009 0 0 0 13.606 0h-.004a4.023 4.023 0 0 0-4.024 4.028c0 .312.038.623.101.923A11.462 11.462 0 0 1 1.372.736a3.986 3.986 0 0 0-.549 2.032 4.021 4.021 0 0 0 1.796 3.353 4.038 4.038 0 0 1-1.82-.51v.049a4.027 4.027 0 0 0 3.23 3.953 4.24 4.24 0 0 1-1.061.137c-.262 0-.512-.023-.761-.061a4.037 4.037 0 0 0 3.768 2.793 8.074 8.074 0 0 1-5.001 1.721c-.337 0-.649-.014-.974-.051a11.382 11.382 0 0 0 6.187 1.809c7.406 0 11.46-6.135 11.46-11.459 0-.174 0-.348-.015-.523a8.654 8.654 0 0 0 2.02-2.084z\"\/>\n\t\t\t<\/svg><\/span>\n\t\t\t\t<\/a>\n\t\t\t<\/div>\n\t\t<\/div>\n\n\t<\/div>\n<\/div>\n<\/div>\n<\/div>\n<\/section>\n\n\n\n<p><\/p>\n","protected":false},"excerpt":{"rendered":"","protected":false},"author":11,"featured_media":2607,"comment_status":"closed","ping_status":"closed","sticky":false,"template":"","format":"standard","meta":{"inline_featured_image":false,"footnotes":""},"categories":[32,10],"tags":[],"class_list":["post-3415","post","type-post","status-publish","format-standard","has-post-thumbnail","hentry","category-alert","category-podatki-ksiegowosc"],"yoast_head":"<!-- This site is optimized with the Yoast SEO plugin v24.8 - https:\/\/yoast.com\/wordpress\/plugins\/seo\/ -->\n<title>Projekt ustawy CIT \u2013 czy zmieni atrakcyjno\u015b\u0107 fundacji rodzinnych?<\/title>\n<meta name=\"description\" content=\"W dniu 29 sierpnia 2025 r. na stronie Rz\u0105dowego Centrum Legislacji opublikowano projekt nowelizacji ustawy o podatku dochodowym od os\u00f3b prawnych (CIT).\" \/>\n<meta name=\"robots\" content=\"index, follow, max-snippet:-1, max-image-preview:large, max-video-preview:-1\" \/>\n<link rel=\"canonical\" href=\"https:\/\/koda-advisory.pl\/pl\/blog\/2025\/09\/17\/planowane-zmiany-podatkowe-od-2026-roku-przeglad\/\" \/>\n<meta property=\"og:locale\" content=\"pl_PL\" \/>\n<meta property=\"og:type\" content=\"article\" \/>\n<meta property=\"og:title\" content=\"Projekt ustawy CIT \u2013 czy zmieni atrakcyjno\u015b\u0107 fundacji rodzinnych?\" \/>\n<meta property=\"og:description\" content=\"W dniu 29 sierpnia 2025 r. na stronie Rz\u0105dowego Centrum Legislacji opublikowano projekt nowelizacji ustawy o podatku dochodowym od os\u00f3b prawnych (CIT).\" \/>\n<meta property=\"og:url\" content=\"https:\/\/koda-advisory.pl\/pl\/blog\/2025\/09\/17\/planowane-zmiany-podatkowe-od-2026-roku-przeglad\/\" \/>\n<meta property=\"og:site_name\" content=\"Koda Advisory PL\" \/>\n<meta property=\"article:publisher\" content=\"https:\/\/www.facebook.com\/Koda.Advisory\/\" \/>\n<meta property=\"article:published_time\" content=\"2025-09-17T15:03:25+00:00\" \/>\n<meta property=\"article:modified_time\" content=\"2025-09-18T08:25:18+00:00\" \/>\n<meta property=\"og:image\" content=\"https:\/\/koda-advisory.pl\/pl\/wp-content\/uploads\/sites\/2\/2025\/01\/jon-tyson-qAQsVsSxp_w-unsplash-scaled.jpg\" \/>\n\t<meta property=\"og:image:width\" content=\"1920\" \/>\n\t<meta property=\"og:image:height\" content=\"2560\" \/>\n\t<meta property=\"og:image:type\" content=\"image\/jpeg\" \/>\n<meta name=\"author\" content=\"ebanaszak\" \/>\n<meta name=\"twitter:card\" content=\"summary_large_image\" \/>\n<meta name=\"twitter:label1\" content=\"Napisane przez\" \/>\n\t<meta name=\"twitter:data1\" content=\"ebanaszak\" \/>\n\t<meta name=\"twitter:label2\" content=\"Szacowany czas czytania\" \/>\n\t<meta name=\"twitter:data2\" content=\"7 minut\" \/>\n<script type=\"application\/ld+json\" class=\"yoast-schema-graph\">{\"@context\":\"https:\/\/schema.org\",\"@graph\":[{\"@type\":\"Article\",\"@id\":\"https:\/\/koda-advisory.pl\/pl\/blog\/2025\/09\/17\/planowane-zmiany-podatkowe-od-2026-roku-przeglad\/#article\",\"isPartOf\":{\"@id\":\"https:\/\/koda-advisory.pl\/pl\/blog\/2025\/09\/17\/planowane-zmiany-podatkowe-od-2026-roku-przeglad\/\"},\"author\":{\"name\":\"ebanaszak\",\"@id\":\"https:\/\/koda-advisory.pl\/pl\/#\/schema\/person\/28077487c152eb5e073158e8751e428d\"},\"headline\":\"Planowane zmiany podatkowe od 2026 roku \u2013 przegl\u0105d\",\"datePublished\":\"2025-09-17T15:03:25+00:00\",\"dateModified\":\"2025-09-18T08:25:18+00:00\",\"mainEntityOfPage\":{\"@id\":\"https:\/\/koda-advisory.pl\/pl\/blog\/2025\/09\/17\/planowane-zmiany-podatkowe-od-2026-roku-przeglad\/\"},\"wordCount\":1239,\"publisher\":{\"@id\":\"https:\/\/koda-advisory.pl\/pl\/#organization\"},\"image\":{\"@id\":\"https:\/\/koda-advisory.pl\/pl\/blog\/2025\/09\/17\/planowane-zmiany-podatkowe-od-2026-roku-przeglad\/#primaryimage\"},\"thumbnailUrl\":\"https:\/\/koda-advisory.pl\/pl\/wp-content\/uploads\/sites\/2\/2025\/01\/jon-tyson-qAQsVsSxp_w-unsplash-scaled.jpg\",\"articleSection\":[\"Alert\",\"Podatki &amp; Ksi\u0119gowo\u015b\u0107\"],\"inLanguage\":\"pl-PL\"},{\"@type\":\"WebPage\",\"@id\":\"https:\/\/koda-advisory.pl\/pl\/blog\/2025\/09\/17\/planowane-zmiany-podatkowe-od-2026-roku-przeglad\/\",\"url\":\"https:\/\/koda-advisory.pl\/pl\/blog\/2025\/09\/17\/planowane-zmiany-podatkowe-od-2026-roku-przeglad\/\",\"name\":\"Projekt ustawy CIT \u2013 czy zmieni atrakcyjno\u015b\u0107 fundacji rodzinnych?\",\"isPartOf\":{\"@id\":\"https:\/\/koda-advisory.pl\/pl\/#website\"},\"primaryImageOfPage\":{\"@id\":\"https:\/\/koda-advisory.pl\/pl\/blog\/2025\/09\/17\/planowane-zmiany-podatkowe-od-2026-roku-przeglad\/#primaryimage\"},\"image\":{\"@id\":\"https:\/\/koda-advisory.pl\/pl\/blog\/2025\/09\/17\/planowane-zmiany-podatkowe-od-2026-roku-przeglad\/#primaryimage\"},\"thumbnailUrl\":\"https:\/\/koda-advisory.pl\/pl\/wp-content\/uploads\/sites\/2\/2025\/01\/jon-tyson-qAQsVsSxp_w-unsplash-scaled.jpg\",\"datePublished\":\"2025-09-17T15:03:25+00:00\",\"dateModified\":\"2025-09-18T08:25:18+00:00\",\"description\":\"W dniu 29 sierpnia 2025 r. na stronie Rz\u0105dowego Centrum Legislacji opublikowano projekt nowelizacji ustawy o podatku dochodowym od os\u00f3b prawnych (CIT).\",\"breadcrumb\":{\"@id\":\"https:\/\/koda-advisory.pl\/pl\/blog\/2025\/09\/17\/planowane-zmiany-podatkowe-od-2026-roku-przeglad\/#breadcrumb\"},\"inLanguage\":\"pl-PL\",\"potentialAction\":[{\"@type\":\"ReadAction\",\"target\":[\"https:\/\/koda-advisory.pl\/pl\/blog\/2025\/09\/17\/planowane-zmiany-podatkowe-od-2026-roku-przeglad\/\"]}]},{\"@type\":\"ImageObject\",\"inLanguage\":\"pl-PL\",\"@id\":\"https:\/\/koda-advisory.pl\/pl\/blog\/2025\/09\/17\/planowane-zmiany-podatkowe-od-2026-roku-przeglad\/#primaryimage\",\"url\":\"https:\/\/koda-advisory.pl\/pl\/wp-content\/uploads\/sites\/2\/2025\/01\/jon-tyson-qAQsVsSxp_w-unsplash-scaled.jpg\",\"contentUrl\":\"https:\/\/koda-advisory.pl\/pl\/wp-content\/uploads\/sites\/2\/2025\/01\/jon-tyson-qAQsVsSxp_w-unsplash-scaled.jpg\",\"width\":1920,\"height\":2560},{\"@type\":\"BreadcrumbList\",\"@id\":\"https:\/\/koda-advisory.pl\/pl\/blog\/2025\/09\/17\/planowane-zmiany-podatkowe-od-2026-roku-przeglad\/#breadcrumb\",\"itemListElement\":[{\"@type\":\"ListItem\",\"position\":1,\"name\":\"Home\",\"item\":\"https:\/\/koda-advisory.pl\/pl\/\"},{\"@type\":\"ListItem\",\"position\":2,\"name\":\"Planowane zmiany podatkowe od 2026 roku \u2013 przegl\u0105d\"}]},{\"@type\":\"WebSite\",\"@id\":\"https:\/\/koda-advisory.pl\/pl\/#website\",\"url\":\"https:\/\/koda-advisory.pl\/pl\/\",\"name\":\"Koda Advisory PL\",\"description\":\"\",\"publisher\":{\"@id\":\"https:\/\/koda-advisory.pl\/pl\/#organization\"},\"potentialAction\":[{\"@type\":\"SearchAction\",\"target\":{\"@type\":\"EntryPoint\",\"urlTemplate\":\"https:\/\/koda-advisory.pl\/pl\/?s={search_term_string}\"},\"query-input\":{\"@type\":\"PropertyValueSpecification\",\"valueRequired\":true,\"valueName\":\"search_term_string\"}}],\"inLanguage\":\"pl-PL\"},{\"@type\":\"Organization\",\"@id\":\"https:\/\/koda-advisory.pl\/pl\/#organization\",\"name\":\"Koda Advisory\",\"url\":\"https:\/\/koda-advisory.pl\/pl\/\",\"logo\":{\"@type\":\"ImageObject\",\"inLanguage\":\"pl-PL\",\"@id\":\"https:\/\/koda-advisory.pl\/pl\/#\/schema\/logo\/image\/\",\"url\":\"https:\/\/koda-advisory.pl\/pl\/wp-content\/uploads\/sites\/2\/2023\/07\/logo-dark-blue.svg\",\"contentUrl\":\"https:\/\/koda-advisory.pl\/pl\/wp-content\/uploads\/sites\/2\/2023\/07\/logo-dark-blue.svg\",\"width\":1,\"height\":1,\"caption\":\"Koda Advisory\"},\"image\":{\"@id\":\"https:\/\/koda-advisory.pl\/pl\/#\/schema\/logo\/image\/\"},\"sameAs\":[\"https:\/\/www.facebook.com\/Koda.Advisory\/\",\"https:\/\/www.linkedin.com\/company\/99105218\"]},{\"@type\":\"Person\",\"@id\":\"https:\/\/koda-advisory.pl\/pl\/#\/schema\/person\/28077487c152eb5e073158e8751e428d\",\"name\":\"ebanaszak\",\"image\":{\"@type\":\"ImageObject\",\"inLanguage\":\"pl-PL\",\"@id\":\"https:\/\/koda-advisory.pl\/pl\/#\/schema\/person\/image\/\",\"url\":\"https:\/\/secure.gravatar.com\/avatar\/59b58f53288231b4d9d19a4100536da9?s=96&d=mm&r=g\",\"contentUrl\":\"https:\/\/secure.gravatar.com\/avatar\/59b58f53288231b4d9d19a4100536da9?s=96&d=mm&r=g\",\"caption\":\"ebanaszak\"},\"url\":\"https:\/\/koda-advisory.pl\/pl\/blog\/author\/ebanaszak\/\"}]}<\/script>\n<!-- \/ Yoast SEO plugin. -->","yoast_head_json":{"title":"Projekt ustawy CIT \u2013 czy zmieni atrakcyjno\u015b\u0107 fundacji rodzinnych?","description":"W dniu 29 sierpnia 2025 r. na stronie Rz\u0105dowego Centrum Legislacji opublikowano projekt nowelizacji ustawy o podatku dochodowym od os\u00f3b prawnych (CIT).","robots":{"index":"index","follow":"follow","max-snippet":"max-snippet:-1","max-image-preview":"max-image-preview:large","max-video-preview":"max-video-preview:-1"},"canonical":"https:\/\/koda-advisory.pl\/pl\/blog\/2025\/09\/17\/planowane-zmiany-podatkowe-od-2026-roku-przeglad\/","og_locale":"pl_PL","og_type":"article","og_title":"Projekt ustawy CIT \u2013 czy zmieni atrakcyjno\u015b\u0107 fundacji rodzinnych?","og_description":"W dniu 29 sierpnia 2025 r. na stronie Rz\u0105dowego Centrum Legislacji opublikowano projekt nowelizacji ustawy o podatku dochodowym od os\u00f3b prawnych (CIT).","og_url":"https:\/\/koda-advisory.pl\/pl\/blog\/2025\/09\/17\/planowane-zmiany-podatkowe-od-2026-roku-przeglad\/","og_site_name":"Koda Advisory PL","article_publisher":"https:\/\/www.facebook.com\/Koda.Advisory\/","article_published_time":"2025-09-17T15:03:25+00:00","article_modified_time":"2025-09-18T08:25:18+00:00","og_image":[{"width":1920,"height":2560,"url":"https:\/\/koda-advisory.pl\/pl\/wp-content\/uploads\/sites\/2\/2025\/01\/jon-tyson-qAQsVsSxp_w-unsplash-scaled.jpg","type":"image\/jpeg"}],"author":"ebanaszak","twitter_card":"summary_large_image","twitter_misc":{"Napisane przez":"ebanaszak","Szacowany czas czytania":"7 minut"},"schema":{"@context":"https:\/\/schema.org","@graph":[{"@type":"Article","@id":"https:\/\/koda-advisory.pl\/pl\/blog\/2025\/09\/17\/planowane-zmiany-podatkowe-od-2026-roku-przeglad\/#article","isPartOf":{"@id":"https:\/\/koda-advisory.pl\/pl\/blog\/2025\/09\/17\/planowane-zmiany-podatkowe-od-2026-roku-przeglad\/"},"author":{"name":"ebanaszak","@id":"https:\/\/koda-advisory.pl\/pl\/#\/schema\/person\/28077487c152eb5e073158e8751e428d"},"headline":"Planowane zmiany podatkowe od 2026 roku \u2013 przegl\u0105d","datePublished":"2025-09-17T15:03:25+00:00","dateModified":"2025-09-18T08:25:18+00:00","mainEntityOfPage":{"@id":"https:\/\/koda-advisory.pl\/pl\/blog\/2025\/09\/17\/planowane-zmiany-podatkowe-od-2026-roku-przeglad\/"},"wordCount":1239,"publisher":{"@id":"https:\/\/koda-advisory.pl\/pl\/#organization"},"image":{"@id":"https:\/\/koda-advisory.pl\/pl\/blog\/2025\/09\/17\/planowane-zmiany-podatkowe-od-2026-roku-przeglad\/#primaryimage"},"thumbnailUrl":"https:\/\/koda-advisory.pl\/pl\/wp-content\/uploads\/sites\/2\/2025\/01\/jon-tyson-qAQsVsSxp_w-unsplash-scaled.jpg","articleSection":["Alert","Podatki &amp; Ksi\u0119gowo\u015b\u0107"],"inLanguage":"pl-PL"},{"@type":"WebPage","@id":"https:\/\/koda-advisory.pl\/pl\/blog\/2025\/09\/17\/planowane-zmiany-podatkowe-od-2026-roku-przeglad\/","url":"https:\/\/koda-advisory.pl\/pl\/blog\/2025\/09\/17\/planowane-zmiany-podatkowe-od-2026-roku-przeglad\/","name":"Projekt ustawy CIT \u2013 czy zmieni atrakcyjno\u015b\u0107 fundacji rodzinnych?","isPartOf":{"@id":"https:\/\/koda-advisory.pl\/pl\/#website"},"primaryImageOfPage":{"@id":"https:\/\/koda-advisory.pl\/pl\/blog\/2025\/09\/17\/planowane-zmiany-podatkowe-od-2026-roku-przeglad\/#primaryimage"},"image":{"@id":"https:\/\/koda-advisory.pl\/pl\/blog\/2025\/09\/17\/planowane-zmiany-podatkowe-od-2026-roku-przeglad\/#primaryimage"},"thumbnailUrl":"https:\/\/koda-advisory.pl\/pl\/wp-content\/uploads\/sites\/2\/2025\/01\/jon-tyson-qAQsVsSxp_w-unsplash-scaled.jpg","datePublished":"2025-09-17T15:03:25+00:00","dateModified":"2025-09-18T08:25:18+00:00","description":"W dniu 29 sierpnia 2025 r. na stronie Rz\u0105dowego Centrum Legislacji opublikowano projekt nowelizacji ustawy o podatku dochodowym od os\u00f3b prawnych (CIT).","breadcrumb":{"@id":"https:\/\/koda-advisory.pl\/pl\/blog\/2025\/09\/17\/planowane-zmiany-podatkowe-od-2026-roku-przeglad\/#breadcrumb"},"inLanguage":"pl-PL","potentialAction":[{"@type":"ReadAction","target":["https:\/\/koda-advisory.pl\/pl\/blog\/2025\/09\/17\/planowane-zmiany-podatkowe-od-2026-roku-przeglad\/"]}]},{"@type":"ImageObject","inLanguage":"pl-PL","@id":"https:\/\/koda-advisory.pl\/pl\/blog\/2025\/09\/17\/planowane-zmiany-podatkowe-od-2026-roku-przeglad\/#primaryimage","url":"https:\/\/koda-advisory.pl\/pl\/wp-content\/uploads\/sites\/2\/2025\/01\/jon-tyson-qAQsVsSxp_w-unsplash-scaled.jpg","contentUrl":"https:\/\/koda-advisory.pl\/pl\/wp-content\/uploads\/sites\/2\/2025\/01\/jon-tyson-qAQsVsSxp_w-unsplash-scaled.jpg","width":1920,"height":2560},{"@type":"BreadcrumbList","@id":"https:\/\/koda-advisory.pl\/pl\/blog\/2025\/09\/17\/planowane-zmiany-podatkowe-od-2026-roku-przeglad\/#breadcrumb","itemListElement":[{"@type":"ListItem","position":1,"name":"Home","item":"https:\/\/koda-advisory.pl\/pl\/"},{"@type":"ListItem","position":2,"name":"Planowane zmiany podatkowe od 2026 roku \u2013 przegl\u0105d"}]},{"@type":"WebSite","@id":"https:\/\/koda-advisory.pl\/pl\/#website","url":"https:\/\/koda-advisory.pl\/pl\/","name":"Koda Advisory PL","description":"","publisher":{"@id":"https:\/\/koda-advisory.pl\/pl\/#organization"},"potentialAction":[{"@type":"SearchAction","target":{"@type":"EntryPoint","urlTemplate":"https:\/\/koda-advisory.pl\/pl\/?s={search_term_string}"},"query-input":{"@type":"PropertyValueSpecification","valueRequired":true,"valueName":"search_term_string"}}],"inLanguage":"pl-PL"},{"@type":"Organization","@id":"https:\/\/koda-advisory.pl\/pl\/#organization","name":"Koda Advisory","url":"https:\/\/koda-advisory.pl\/pl\/","logo":{"@type":"ImageObject","inLanguage":"pl-PL","@id":"https:\/\/koda-advisory.pl\/pl\/#\/schema\/logo\/image\/","url":"https:\/\/koda-advisory.pl\/pl\/wp-content\/uploads\/sites\/2\/2023\/07\/logo-dark-blue.svg","contentUrl":"https:\/\/koda-advisory.pl\/pl\/wp-content\/uploads\/sites\/2\/2023\/07\/logo-dark-blue.svg","width":1,"height":1,"caption":"Koda Advisory"},"image":{"@id":"https:\/\/koda-advisory.pl\/pl\/#\/schema\/logo\/image\/"},"sameAs":["https:\/\/www.facebook.com\/Koda.Advisory\/","https:\/\/www.linkedin.com\/company\/99105218"]},{"@type":"Person","@id":"https:\/\/koda-advisory.pl\/pl\/#\/schema\/person\/28077487c152eb5e073158e8751e428d","name":"ebanaszak","image":{"@type":"ImageObject","inLanguage":"pl-PL","@id":"https:\/\/koda-advisory.pl\/pl\/#\/schema\/person\/image\/","url":"https:\/\/secure.gravatar.com\/avatar\/59b58f53288231b4d9d19a4100536da9?s=96&d=mm&r=g","contentUrl":"https:\/\/secure.gravatar.com\/avatar\/59b58f53288231b4d9d19a4100536da9?s=96&d=mm&r=g","caption":"ebanaszak"},"url":"https:\/\/koda-advisory.pl\/pl\/blog\/author\/ebanaszak\/"}]}},"post_thumbnail":{"src":"https:\/\/koda-advisory.pl\/pl\/wp-content\/uploads\/sites\/2\/2025\/01\/jon-tyson-qAQsVsSxp_w-unsplash-512x683.jpg","width":512,"height":683,"caption":""},"author_info":{"display_name":"ebanaszak","author_link":"https:\/\/koda-advisory.pl\/pl\/blog\/author\/ebanaszak\/","avatar":"<img alt='' src='https:\/\/secure.gravatar.com\/avatar\/59b58f53288231b4d9d19a4100536da9?s=48&#038;d=mm&#038;r=g' srcset='https:\/\/secure.gravatar.com\/avatar\/59b58f53288231b4d9d19a4100536da9?s=96&#038;d=mm&#038;r=g 2x' class='avatar avatar-48 photo' height='48' width='48' loading='lazy' decoding='async'\/>"},"post_categories":[{"category_link":"https:\/\/koda-advisory.pl\/pl\/blog\/category\/alert\/","category_name":"Alert"},{"category_link":"https:\/\/koda-advisory.pl\/pl\/blog\/category\/podatki-ksiegowosc\/","category_name":"Podatki &amp; Ksi\u0119gowo\u015b\u0107"}],"_links":{"self":[{"href":"https:\/\/koda-advisory.pl\/pl\/wp-json\/wp\/v2\/posts\/3415","targetHints":{"allow":["GET"]}}],"collection":[{"href":"https:\/\/koda-advisory.pl\/pl\/wp-json\/wp\/v2\/posts"}],"about":[{"href":"https:\/\/koda-advisory.pl\/pl\/wp-json\/wp\/v2\/types\/post"}],"author":[{"embeddable":true,"href":"https:\/\/koda-advisory.pl\/pl\/wp-json\/wp\/v2\/users\/11"}],"replies":[{"embeddable":true,"href":"https:\/\/koda-advisory.pl\/pl\/wp-json\/wp\/v2\/comments?post=3415"}],"version-history":[{"count":2,"href":"https:\/\/koda-advisory.pl\/pl\/wp-json\/wp\/v2\/posts\/3415\/revisions"}],"predecessor-version":[{"id":3417,"href":"https:\/\/koda-advisory.pl\/pl\/wp-json\/wp\/v2\/posts\/3415\/revisions\/3417"}],"wp:featuredmedia":[{"embeddable":true,"href":"https:\/\/koda-advisory.pl\/pl\/wp-json\/wp\/v2\/media\/2607"}],"wp:attachment":[{"href":"https:\/\/koda-advisory.pl\/pl\/wp-json\/wp\/v2\/media?parent=3415"}],"wp:term":[{"taxonomy":"category","embeddable":true,"href":"https:\/\/koda-advisory.pl\/pl\/wp-json\/wp\/v2\/categories?post=3415"},{"taxonomy":"post_tag","embeddable":true,"href":"https:\/\/koda-advisory.pl\/pl\/wp-json\/wp\/v2\/tags?post=3415"}],"curies":[{"name":"wp","href":"https:\/\/api.w.org\/{rel}","templated":true}]}}