{"id":3465,"date":"2025-10-30T13:19:52","date_gmt":"2025-10-30T12:19:52","guid":{"rendered":"https:\/\/koda-advisory.pl\/pl\/?p=3465"},"modified":"2025-10-30T14:15:33","modified_gmt":"2025-10-30T13:15:33","slug":"nizsze-limity-podatkowe-w-2026-roku","status":"publish","type":"post","link":"https:\/\/koda-advisory.pl\/pl\/blog\/2025\/10\/30\/nizsze-limity-podatkowe-w-2026-roku\/","title":{"rendered":"Ni\u017csze limity podatkowe w 2026 roku"},"content":{"rendered":"\n<section class=\"post-header section max-w-full\">\n<div class=\"post-header__inner-container inner-container is-root-container\">\n<div class=\"post-terms taxonomy-category\">\n\t<span class=\"screen-reader-text\">\n\t\tPost terms:\t<\/span>\n\t<ul class=\"post-terms__list\">\n\t\t\t\t\t<li class=\"post-terms__list-item\">\n\t\t\t\t<a href=\"https:\/\/koda-advisory.pl\/pl\/blog\/category\/alert\/\" class=\"post-term\">Alert<\/a>\n\t\t\t<\/li>\n\t\t\t\t\t<li class=\"post-terms__list-item\">\n\t\t\t\t<a href=\"https:\/\/koda-advisory.pl\/pl\/blog\/category\/podatki-ksiegowosc\/\" class=\"post-term\">Podatki &amp; Ksi\u0119gowo\u015b\u0107<\/a>\n\t\t\t<\/li>\n\t\t\t<\/ul>\n<\/div>\n\n\n\n<h1 class=\"post-header__title heading max-w-wide txt-center\"><strong><strong>Ni\u017csze limity podatkowe w 2026 roku<\/strong><\/strong>&nbsp;<\/h1>\n\n\n\n<div class=\"post-date\">\n\t<span class=\"screen-reader-text\">\n\t\tPublished on:\t<\/span>\n\t<time class=\"post-date__published\" datetime=\"2025-10-30T13:19:52+01:00\">\n\t\t30 pa\u017adziernika, 2025 1:19 pm\t<\/time>\n<\/div>\n<\/div>\n<\/section>\n\n\n\n<section class=\"post-content section max-w-full\">\n<div class=\"post-content__inner-container inner-container is-root-container\">\n<figure class=\"post-content__image image max-w-wide\"><div class=\"inner-container r-2:1\"><img loading=\"lazy\" decoding=\"async\" src=\"https:\/\/koda-advisory.pl\/pl\/wp-content\/uploads\/sites\/2\/2024\/01\/volkan-olmez-aG-pvyMsbis-unsplash.jpg\" alt=\"limity podatkowe\" class=\"wp-image-1866 is-cropped\" width=\"1800\" height=\"1200\" srcset=\"https:\/\/koda-advisory.pl\/pl\/wp-content\/uploads\/sites\/2\/2024\/01\/volkan-olmez-aG-pvyMsbis-unsplash.jpg 1800w, https:\/\/koda-advisory.pl\/pl\/wp-content\/uploads\/sites\/2\/2024\/01\/volkan-olmez-aG-pvyMsbis-unsplash-768x512.jpg 768w, https:\/\/koda-advisory.pl\/pl\/wp-content\/uploads\/sites\/2\/2024\/01\/volkan-olmez-aG-pvyMsbis-unsplash-1280x853.jpg 1280w, https:\/\/koda-advisory.pl\/pl\/wp-content\/uploads\/sites\/2\/2024\/01\/volkan-olmez-aG-pvyMsbis-unsplash-256x171.jpg 256w, https:\/\/koda-advisory.pl\/pl\/wp-content\/uploads\/sites\/2\/2024\/01\/volkan-olmez-aG-pvyMsbis-unsplash-1024x683.jpg 1024w, https:\/\/koda-advisory.pl\/pl\/wp-content\/uploads\/sites\/2\/2024\/01\/volkan-olmez-aG-pvyMsbis-unsplash-1536x1024.jpg 1536w, https:\/\/koda-advisory.pl\/pl\/wp-content\/uploads\/sites\/2\/2024\/01\/volkan-olmez-aG-pvyMsbis-unsplash-512x341.jpg 512w\" sizes=\"auto, (max-width: 1800px) 100vw, 1800px\" \/><\/div><\/figure>\n\n\n\n<div class=\"post-content__sidebar container\">\n<div class=\"post-content__sidebar-content container\">\n<nav class=\"toc\"><ul class=\"toc__list\">\n<li class=\"toc__list-item\"><a href=\"#wstep\" class=\"toc__link js-toc-link\">Wst\u0119p<\/a><\/li>\n\n\n\n<li class=\"toc__list-item\"><a href=\"#wstep\" class=\"toc__link js-toc-link\">Obliczanie limit\u00f3w<\/a><\/li>\n\n\n\n<li class=\"toc__list-item\"><a href=\"#stan\" class=\"toc__link js-toc-link\">Limit ma\u0142ego podatnika PIT oraz CIT <\/a><\/li>\n\n\n\n<li class=\"toc__list-item\"><a href=\"#nabywcy\" class=\"toc__link js-toc-link\">Rycza\u0142t od przychod\u00f3w ewidencjonowanych<\/a><\/li>\n\n\n\n<li class=\"toc__list-item\"><a href=\"#audyt\" class=\"toc__link js-toc-link\">Limit ma\u0142ego podatnika VAT<\/a><\/li>\n\n\n\n<li class=\"toc__list-item\"><a href=\"#ksi\u0119gi\" class=\"toc__link js-toc-link\">Ksi\u0119gi rachunkowe<\/a><\/li>\n\n\n\n<li class=\"toc__list-item\"><a href=\"#limity\" class=\"toc__link js-toc-link\">Limity podatkowe w 2025 i 2026 roku<\/a><\/li>\n\n\n\n<li class=\"toc__list-item\"><a href=\"#wsparcie\" class=\"toc__link js-toc-link\">Nasze wsparcie<\/a><\/li>\n<\/ul><\/nav>\n<\/div>\n<\/div>\n\n\n\n<div class=\"post-content__main container\">\n<p id=\"wstep\" class=\"text is-style-lead\"><strong>Limity podatkowe w polskim prawie s\u0105 cz\u0119sto okre\u015blane w euro. U\u017cycie wsp\u00f3lnej waluty jako punktu odniesienia ma na celu zapewnienie harmonizacji krajowych regulacji z przepisami Unii Europejskiej oraz jednolitego traktowania przedsi\u0119biorc\u00f3w w ca\u0142ej UE. Odwo\u0142anie do euro pozwala r\u00f3wnie\u017c uniezale\u017cni\u0107 warto\u015b\u0107 limit\u00f3w od waha\u0144 kursu z\u0142otego, co sprzyja wi\u0119kszej stabilno\u015bci przepis\u00f3w w perspektywie mi\u0119dzynarodowej. Dodatkowo, okre\u015blenie limit\u00f3w w euro u\u0142atwia por\u00f3wnywanie danych dotycz\u0105cych wielko\u015bci przedsi\u0119biorstw (np. statusu ma\u0142ego podatnika) mi\u0119dzy krajami cz\u0142onkowskimi.<\/strong><\/p>\n\n\n\n<div class=\"separator mt-8 mb-8\"><span class=\"separator__line\"><\/span><\/div>\n\n\n\n<h2 class=\"heading h-24\"><strong>Obliczanie limit\u00f3w<\/strong><\/h2>\n\n\n\n<p>Zasadniczo limity podatkowe i rachunkowe w polskich przepisach okre\u015blane s\u0105 w\u0142a\u015bnie w walucie euro. Aby prawid\u0142owo zweryfikowa\u0107, czy dany podatnik mie\u015bci si\u0119 w okre\u015blonym limicie, konieczne jest przeliczenie jego warto\u015bci na z\u0142ote. W przypadku wi\u0119kszo\u015bci limit\u00f3w za dany rok podatkowy, przeliczenia dokonuje si\u0119 wed\u0142ug <strong>\u015bredniego kursu euro og\u0142oszonego przez NBP w pierwszym dniu roboczym pa\u017adziernika poprzedniego roku<\/strong>.<\/p>\n\n\n\n<p>Dla roku 2026 zastosowanie ma wi\u0119c kurs z dnia <strong>1 pa\u017adziernika 2025 r.<\/strong>, kt\u00f3ry wyni\u00f3s\u0142 <strong>4,2586 z\u0142\/euro<\/strong>. Dla por\u00f3wnania, w roku 2024 kurs ten wynosi\u0142 <strong>4,2846<\/strong>, a w roku 2023 \u2013 <strong>4,6091<\/strong>.<\/p>\n\n\n\n<p>Kurs przyj\u0119ty do obliczenia limit\u00f3w na 2025 rok by\u0142 zauwa\u017calnie ni\u017cszy ni\u017c w roku wcze\u015bniejszym, co prze\u0142o\u017cy\u0142o si\u0119 na istotne obni\u017cenie warto\u015bci prog\u00f3w podatkowych i rachunkowych. W efekcie mniej podatnik\u00f3w mog\u0142o korzysta\u0107 z dost\u0119pnych uproszcze\u0144. W przypadku limit\u00f3w na 2026 rok odnotowano dalszy spadek kursu, cho\u0107 mniej znacz\u0105cy ni\u017c rok wcze\u015bniej. Tendencja obni\u017cania limit\u00f3w jednak si\u0119 utrzymuje, co oznacza, \u017ce w nadchodz\u0105cym roku liczba podatnik\u00f3w kwalifikuj\u0105cych si\u0119 do uproszczonych zasad rozlicze\u0144 mo\u017ce pozosta\u0107 ograniczona.<\/p>\n\n\n\n<h2 id=\"stan\" class=\"heading h-24\"><strong>Limit ma\u0142ego podatnika PIT oraz CIT<\/strong><\/h2>\n\n\n\n<p>Status ma\u0142ego podatnika, zgodnie z zapisami ustawy o podatku dochodowym od os\u00f3b fizycznych oraz ustawy o podatku dochodowym od os\u00f3b prawnych, pozwala na skorzystanie z preferencyjnych zasad opodatkowania. Zar\u00f3wno dla cel\u00f3w PIT, jak i cel\u00f3w CIT stosowany jest limit 2&nbsp;000&nbsp;000 euro przychod\u00f3w ze sprzeda\u017cy (\u0142\u0105cznie z podatkiem VAT) za poprzedni rok podatkowy. W 2025 roku limit ten b\u0119dzie wynosi\u0142 8&nbsp;517 000 z\u0142otych (w zaokr\u0105gleniu do 1 000 z\u0142otych). Dla por\u00f3wnania, limit obowi\u0105zuj\u0105cy w roku 2025 roku to 8&nbsp;569&nbsp;000 z\u0142otych.<\/p>\n\n\n\n<p>Istotn\u0105 preferencj\u0105 z punktu widzenia podatnika podatku dochodowego od os\u00f3b prawnych jest mo\u017cliwo\u015b\u0107 zastosowania obni\u017conej <strong>9-procentowej stawki CIT<\/strong>. Natomiast w tym przypadku dodatkowo nale\u017cy zweryfikowa\u0107 jednocze\u015bnie drugi limit polegaj\u0105cy na kontroli bie\u017c\u0105cych przychod\u00f3w \u2013 z 9-procentowej stawki mo\u017cna bowiem skorzysta\u0107, je\u017celi bie\u017c\u0105ce przychody netto (bez VAT), w roku podatkowym nie przekrocz\u0105 kwoty 2&nbsp;000&nbsp;000 euro w przeliczeniu wed\u0142ug kursu na pierwszy dzie\u0144 roboczy roku podatkowego (w 2026 roku b\u0119dzie to 2 stycznia). Po przekroczeniu tego limitu podatnik musi, pocz\u0105wszy od nast\u0119pnego miesi\u0105ca, p\u0142aci\u0107 podatek dochodowy od os\u00f3b prawnych wed\u0142ug stawki podstawowej 19%. Mo\u017ce zatem doj\u015b\u0107 do sytuacji, kiedy limit ustalony na podstawie roku poprzedzaj\u0105cego rok podatkowy (ma\u0142y podatnik) umo\u017cliwi stosowanie obni\u017conej stawki, jednak\u017ce wskutek przekroczenia limitu przychod\u00f3w bie\u017c\u0105cych zastosowanie 9-procentowej stawki nie b\u0119dzie mo\u017cliwe (lub kontynuowane).<\/p>\n\n\n\n<p>Limit ma\u0142ego podatnika determinuje r\u00f3wnie\u017c wysoko\u015b\u0107 stawki opodatkowania w przypadku rycza\u0142tu od dochod\u00f3w sp\u00f3\u0142ek (esto\u0144ski CIT). Zatem, aby skorzysta\u0107 z <strong>10-procentowej stawki w CIT esto\u0144skim<\/strong>, nie mo\u017ce zosta\u0107 przekroczony limit 2&nbsp;000&nbsp;000 euro przychod\u00f3w ze sprzeda\u017cy (\u0142\u0105cznie z podatkiem VAT) za poprzedni rok podatkowy.<\/p>\n\n\n\n<p>Podatnicy PIT oraz CIT, kt\u00f3rzy posiadaj\u0105 status ma\u0142ego podatnika, mog\u0105 skorzysta\u0107 z kolejnej preferencji, jak\u0105 jest <strong>jednorazowa amortyzacja \u015brodk\u00f3w trwa\u0142ych<\/strong> do kwoty 50&nbsp;000 euro rocznie. Uprawnienie to dotyczy tylko tych \u015brodk\u00f3w trwa\u0142ych, kt\u00f3re w klasyfikacji \u015brodk\u00f3w trwa\u0142ych wskazane zosta\u0142y w grupach 3-6 i 8. Dla 2026 roku limit wynosi 213&nbsp;000 z\u0142otych (dla roku 2025 214&nbsp;000 z\u0142otych).<\/p>\n\n\n\n<p>Na marginesie warto wspomnie\u0107, i\u017c z jednorazowej amortyzacji czy te\u017c obni\u017conych stawek 9% oraz 10% mog\u0105 tak\u017ce skorzysta\u0107 podatnicy, kt\u00f3rzy rozpocz\u0119li w danym roku dzia\u0142alno\u015b\u0107 gospodarcz\u0105.<\/p>\n\n\n\n<div class=\"separator mt-8 mb-8\"><span class=\"separator__line\"><\/span><\/div>\n\n\n\n<h2 id=\"nabywcy\" class=\"heading h-24\"><strong>Rycza\u0142t od przychod\u00f3w ewidencjonowanych<\/strong><\/h2>\n\n\n\n<p>Warunkiem skorzystania z opodatkowania rycza\u0142tem jest osi\u0105gni\u0119cie przychodu netto z dzia\u0142alno\u015bci gospodarczej za rok poprzedzaj\u0105cy rok podatkowy nieprzekraczaj\u0105cy 2&nbsp;000 000 euro. W zwi\u0105zku z powy\u017cszym, limit na 2026 wyniesie 8 517 200 z\u0142otych (w przypadku rycza\u0142tu nie stosuje si\u0119 zaokr\u0105glenia do 1 000 z\u0142). Limit obowi\u0105zuj\u0105cy w 2025 roku to 8&nbsp;569&nbsp;200 z\u0142otych.<\/p>\n\n\n\n<p>Dodatkowo, podmioty rozliczaj\u0105ce si\u0119 za pomoc\u0105 rycza\u0142tu, maj\u0105 mo\u017cliwo\u015b\u0107 op\u0142acania podatku kwartalnie. Jednak nie ka\u017cdy podatnik na rycza\u0142cie mo\u017ce skorzysta\u0107 z tej formy rozliczenia, gdy\u017c r\u00f3wnie\u017c tutaj obowi\u0105zuje limit \u2013 200&nbsp;000 euro. Limit ten r\u00f3wnie\u017c odnosi si\u0119 do przychod\u00f3w netto za rok poprzedzaj\u0105cy rok podatkowy i na rok 2026 w przeliczeniu na z\u0142ot\u00f3wki to 851 720 z\u0142otych. W 2025 roku obowi\u0105zuje kwota 856 920 z\u0142otych.<\/p>\n\n\n\n<div class=\"separator mt-8 mb-8\"><span class=\"separator__line\"><\/span><\/div>\n\n\n\n<h2 id=\"audyt\" class=\"heading h-24\"><strong>Limit ma\u0142ego podatnika VAT<\/strong><\/h2>\n\n\n\n<p>W my\u015bl przepis\u00f3w ustawy o podatku od towar\u00f3w i us\u0142ug, ma\u0142ym podatnikiem jest przedsi\u0119biorca, u kt\u00f3rego warto\u015b\u0107 sprzeda\u017cy wraz z kwot\u0105 podatku nie przekroczy\u0142a w poprzednim roku podatkowym kwoty odpowiadaj\u0105cej r\u00f3wnowarto\u015bci 2&nbsp;000 000 euro. Oznacza to, \u017ce w roku 2026 dla cel\u00f3w VAT, ma\u0142ym podatnikiem jest podmiot, u kt\u00f3rego ww. limit nie przekroczy 8 517&nbsp;000 z\u0142otych (w zaokr\u0105gleniu do 1&nbsp;000 z\u0142otych). Limit dla roku 2025 wynosi 8 569&nbsp;000 z\u0142otych.<\/p>\n\n\n\n<p>Dla przedsi\u0119biorc\u00f3w, kt\u00f3rzy prowadz\u0105 mi\u0119dzy innymi przedsi\u0119biorstwo maklerskie b\u0105d\u017a zarz\u0105dzaj\u0105ce funduszami inwestycyjnymi wyznaczony jest inny limit \u2013 taki przedsi\u0119biorca jest ma\u0142ym podatnikiem, je\u015bli jego kwota prowizji lub innych postaci wynagrodzenia (wraz z kwot\u0105 podatku) nie przekroczy\u0142a w poprzednim roku podatkowym r\u00f3wnowarto\u015bci 45&nbsp;000 euro w przeliczeniu na pierwszy dzie\u0144 roboczy pa\u017adziernika poprzedniego roku. Dla takich przedsi\u0119biorc\u00f3w limit ten wynosi w 2025 i 2026 roku odpowiednio 193 000 z\u0142otych oraz 192&nbsp;000 z\u0142otych (w zaokr\u0105gleniu do 1&nbsp;000 z\u0142otych).<\/p>\n\n\n\n<p>Przywileje, z jakich mali podatnicy mog\u0105&nbsp; skorzysta\u0107 w kontek\u015bcie VAT to mo\u017cliwo\u015b\u0107 <strong>rozlicze\u0144 VAT kasowych<\/strong> oraz <strong>rozlicze\u0144 VAT kwartalnych<\/strong>. Istotnym jest, \u017ce przy wyborze metody kasowej, automatycznie nast\u0119puje konieczno\u015b\u0107 rozlicze\u0144 kwartalnych. Wyj\u0105tkiem jest sytuacja, gdy podatnik dopiero rejestruje si\u0119 do VAT \u2013 przez okres 12 pierwszych miesi\u0119cy od daty rejestracji do VAT, musi on dokonywa\u0107 rozlicze\u0144 VAT miesi\u0119cznych. Natomiast wyb\u00f3r rozliczenia kwartalnego nie poci\u0105ga za sob\u0105 konieczno\u015bci stosowania metody kasowej.<\/p>\n\n\n\n<p class=\"text\">Odr\u0119bny limit dla rozlicze\u0144 kwartalnych ustalony jest dla sp\u00f3\u0142ek opodatkowanych CIT esto\u0144skim. Tutaj limit wynosi 4&nbsp;000&nbsp;000 euro warto\u015bci sprzeda\u017cy (wraz z podatkiem) za poprzedni rok podatkowy, w przeliczeniu po kursie z 1 pa\u017adziernika (czyli w 2026 roku 17&nbsp;034&nbsp;000 z\u0142otych warto\u015bci sprzeda\u017cy za 2025 rok \u2013 w zaokr\u0105gleniu do 1&nbsp;000 z\u0142otych). W 2025 roku dla ww. sp\u00f3\u0142ek obowi\u0105zuj\u0105cy limit to 17&nbsp;138&nbsp;000 z\u0142otych.<\/p>\n\n\n\n<div class=\"separator mt-8 mb-8\"><span class=\"separator__line\"><\/span><\/div>\n\n\n\n<h2 id=\"ksi\u0119gi\" class=\"heading h-24\"><strong>Ksi\u0119gi rachunkowe<\/strong><\/h2>\n\n\n\n<p class=\"text\">Ustawa o rachunkowo\u015bci enumeratywnie wymienia podmioty zobowi\u0105zane do prowadzenia pe\u0142nych ksi\u0105g rachunkowych po spe\u0142nieniu odpowiednich warunk\u00f3w. <\/p>\n\n\n\n<p class=\"has-16-font-size\">Do prowadzenia pe\u0142nych ksi\u0105g rachunkowych zobowi\u0105zane s\u0105 osoby fizyczne, sp\u00f3\u0142ki cywilne os\u00f3b fizycznych, sp\u00f3\u0142ki cywilne os\u00f3b fizycznych i przedsi\u0119biorstwa w spadku, sp\u00f3\u0142ki jawne os\u00f3b fizycznych, sp\u00f3\u0142ki partnerskie oraz przedsi\u0119biorstwa w spadku, je\u017celi przychody netto ze sprzeda\u017cy towar\u00f3w, produkt\u00f3w i operacji finansowych tych podmiot\u00f3w za poprzedni rok obrotowy wynios\u0142y co najmniej r\u00f3wnowarto\u015b\u0107 w walucie polskiej 2&nbsp;500&nbsp;000 euro. <\/p>\n\n\n\n<p class=\"has-16-font-size\">W tym przypadku do przeliczenia stosowany jest r\u00f3wnie\u017c kurs z dnia 1 pa\u017adziernika. Dla roku 2026 limit ten b\u0119dzie wynosi\u0142 10&nbsp;646&nbsp;500 z\u0142otych, gdzie dla por\u00f3wnania, w roku 2025 wynosi\u0142 10&nbsp;711&nbsp;500 z\u0142otych.<\/p>\n\n\n\n<div class=\"separator mt-8 mb-8\"><span class=\"separator__line\"><\/span><\/div>\n\n\n\n<h2 id=\"limity\" class=\"heading h-24\"><strong>Limity podatkowe w roku 2025 i 2026<\/strong><\/h2>\n\n\n\n<figure class=\"wp-block-table\"><table class=\"has-fixed-layout\"><tbody><tr><td><strong>Limit (PLN)<\/strong><\/td><td><strong>2025 rok<\/strong><\/td><td><strong>2026 rok<\/strong><\/td><\/tr><tr><td><strong>Status ma\u0142ego podatnika PIT i CIT<\/strong><\/td><td>8&nbsp;569&nbsp;000<\/td><td>8&nbsp;517 000<\/td><\/tr><tr><td><strong>Jednorazowa amortyzacja \u015brodk\u00f3w trwa\u0142ych<\/strong><\/td><td>214&nbsp;000<\/td><td>213&nbsp;000<\/td><\/tr><tr><td><strong>Rycza\u0142t od przychod\u00f3w ewidencjonowanych<\/strong><\/td><td>8&nbsp;569&nbsp;200<\/td><td>8&nbsp;517&nbsp;200<\/td><\/tr><tr><td><strong>Kwartalne op\u0142acanie rycza\u0142tu<\/strong><\/td><td>856&nbsp;920<\/td><td>851&nbsp;720<\/td><\/tr><tr><td><strong>Ma\u0142y podatnik VAT<\/strong><\/td><td>8&nbsp;569&nbsp;000<\/td><td>8&nbsp;517&nbsp;000<\/td><\/tr><tr><td><strong>Ksi\u0119gi rachunkowe<\/strong><\/td><td>10&nbsp;711 500<\/td><td>10&nbsp;646 500<\/td><\/tr><\/tbody><\/table><\/figure>\n\n\n\n<p class=\"has-16-font-size\"><\/p>\n\n\n\n<h2 id=\"wsparcie\" class=\"heading h-24\">Nasze wsparcie<\/h2>\n\n\n\n<p>Sprawd\u017a nasze us\u0142ugi podatkowe, oraz p\u0142acowo-kadrowe jakie \u015bwiadczymy dla naszych klient\u00f3w. Jeste\u015bmy po to, \u017ceby u\u0142atwia\u0107 prowadzenie Twojej dzia\u0142alno\u015bci.<\/p>\n\n\n\n<div class=\"cta container\">\n<p id=\"\" class=\"cta__text text\">Zajmujemy si\u0119 prowadzeniem bie\u017c\u0105cych rozlicze\u0144 podatkowych.<\/p>\n\n\n\n<div class=\"cta__buttons buttons gap-8\">\n<a href=\"tax-compliance\" class=\"cta__button button\" target=\"_self\" rel=\"noopener noreferrer\"><span class=\"button__text\">SPRAWD\u0179<\/span><span class=\"button__icon\"><svg xmlns=\"http:\/\/www.w3.org\/2000\/svg\" width=\"11\" height=\"9\" viewBox=\"0 0 11 9\">\n\t<path d=\"M6.20299 0L5.35452 0.795937L8.70343 3.9375H0V5.0625H8.70343L5.35452 8.20406L6.20299 9L11 4.5L6.20299 0Z\" \/>\n<\/svg><\/span><span class=\"button__bg\"><\/span><\/a>\n<\/div>\n\n\n\n<img loading=\"lazy\" decoding=\"async\" src=\"https:\/\/koda-advisory.pl\/pl\/wp-content\/uploads\/sites\/2\/2023\/07\/911065-1.jpg\" class=\"cta__background image wp-image-655\" width=\"588\" height=\"320\" srcset=\"https:\/\/koda-advisory.pl\/pl\/wp-content\/uploads\/sites\/2\/2023\/07\/911065-1.jpg 588w, https:\/\/koda-advisory.pl\/pl\/wp-content\/uploads\/sites\/2\/2023\/07\/911065-1-256x139.jpg 256w, https:\/\/koda-advisory.pl\/pl\/wp-content\/uploads\/sites\/2\/2023\/07\/911065-1-512x279.jpg 512w\" sizes=\"auto, (max-width: 588px) 100vw, 588px\" \/>\n<\/div>\n\n\n\n<div class=\"separator mt-56 mb-32\"><span class=\"separator__line\"><\/span><\/div>\n\n\n\n<div class=\"post-meta\">\n\t<div class=\"post-meta__inner-container\">\n\n\t\t<div class=\"post-meta__date\">\n\t\t\t<span class=\"screen-reader-text\">\n\t\t\t\tPublished on:\t\t\t<\/span>\n\t\t\t<time class=\"post-meta__date-published\" datetime=\"2025-10-30T13:19:52+01:00\">\n\t\t\t\t2025-10-30\t\t\t<\/time>\n\t\t<\/div>\n\n\t\t\n\t\t<div class=\"post-meta__author\">\n\t\t\t<a href=\"https:\/\/koda-advisory.pl\/pl\/blog\/author\/kkabus\/\" class=\"post-meta__author-name\">\n\t\t\t\t<span class=\"post-meta__author-by\">\n\t\t\t\t\tBy\t\t\t\t<\/span>\n\t\t\t\t<span class=\"post-meta__author-name\">\n\t\t\t\t\t\t\t\t\t\t\t\t\t\t<\/span>\n\t\t\t<\/a>\n\t\t\t<a href=\"javascript:void(0)\" class=\"post-meta__author-email\" data-encoded=\"bWFpbHRvOmsua2FidXNAa29kYS1hZHZpc29yeS5wbA==\">\n\t\t\t    <span class=\"text-decoded\">Please enable JavaScript in your browser.<\/span>\n\t\t\t<\/a>\n\t\t<\/div>\n\n\t\t<div class=\"post-meta__share\">\n\t\t\t<span class=\"post-meta__share-label\">\n\t\t\t\tShare\t\t\t<\/span>\n\t\t\t<div class=\"post-meta__share-links\">\n\t\t\t\t<a href=\"https:\/\/www.facebook.com\/sharer.php?u=https:\/\/koda-advisory.pl\/pl\/blog\/2025\/10\/30\/nizsze-limity-podatkowe-w-2026-roku\/\" class=\"post-meta__share-link icon-button is-style-outlined\" target=\"_blank\">\n\t\t\t\t\t<span class=\"screen-reader-text\">Facebook<\/span>\n\t\t\t\t\t<span class=\"icon\"><svg xmlns=\"http:\/\/www.w3.org\/2000\/svg\" width=\"9.336\" height=\"17.997\" viewBox=\"0 0 9.336 17.997\">\n\t\t\t\t<path d=\"M7.652 2.988h1.684V.127A22.323 22.323 0 0 0 6.869 0C4.425 0 2.747 1.492 2.747 4.231v2.355H0v3.209h2.753v8.201h3.312V9.801h2.767l.411-3.209H6.064V4.548c0-.926.258-1.56 1.588-1.56z\"\/>\n\t\t\t<\/svg><\/span>\n\t\t\t\t<\/a>\n\t\t\t\t<a href=\"https:\/\/www.linkedin.com\/shareArticle?url=https:\/\/koda-advisory.pl\/pl\/blog\/2025\/10\/30\/nizsze-limity-podatkowe-w-2026-roku\/\" class=\"post-meta__share-link icon-button is-style-outlined\" target=\"_blank\">\n\t\t\t\t\t<span class=\"screen-reader-text\">Linkedin<\/span>\n\t\t\t\t\t<span class=\"icon-button__icon\"><svg xmlns=\"http:\/\/www.w3.org\/2000\/svg\" width=\"18.205\" height=\"18.174\" viewBox=\"0 0 18.205 18.174\">\n\t\t\t\t<circle cx=\"2.188\" cy=\"2.188\" r=\"2.188\"\/>\n\t\t\t\t<path d=\"M.3 6.034h3.775v12.139H.3zM13.681 5.734c-1.836 0-3.065 1.007-3.568 1.96h-.051v-1.66h-3.62v12.139h3.769v-6.002c0-1.584.3-3.119 2.263-3.119 1.938 0 1.961 1.813 1.961 3.219v5.904h3.771v-6.658c-.001-3.27-.705-5.783-4.525-5.783z\"\/>\n\t\t\t<\/svg><\/span>\n\t\t\t\t<\/a>\n\t\t\t\t<a href=\"https:\/\/twitter.com\/share?url=https:\/\/koda-advisory.pl\/pl\/blog\/2025\/10\/30\/nizsze-limity-podatkowe-w-2026-roku\/\" class=\"post-meta__share-link icon-button is-style-outlined\" target=\"_blank\">\n\t\t\t\t\t<span class=\"screen-reader-text\">Twitter<\/span>\n\t\t\t\t\t<span class=\"icon-button__icon\"><svg xmlns=\"http:\/\/www.w3.org\/2000\/svg\" width=\"19.652\" height=\"15.961\" viewBox=\"0 0 19.652 15.961\">\n\t\t\t\t<path d=\"M19.652 1.895a8.1 8.1 0 0 1-2.319.624 4.016 4.016 0 0 0 1.771-2.22 7.925 7.925 0 0 1-2.557.973A4.009 4.009 0 0 0 13.606 0h-.004a4.023 4.023 0 0 0-4.024 4.028c0 .312.038.623.101.923A11.462 11.462 0 0 1 1.372.736a3.986 3.986 0 0 0-.549 2.032 4.021 4.021 0 0 0 1.796 3.353 4.038 4.038 0 0 1-1.82-.51v.049a4.027 4.027 0 0 0 3.23 3.953 4.24 4.24 0 0 1-1.061.137c-.262 0-.512-.023-.761-.061a4.037 4.037 0 0 0 3.768 2.793 8.074 8.074 0 0 1-5.001 1.721c-.337 0-.649-.014-.974-.051a11.382 11.382 0 0 0 6.187 1.809c7.406 0 11.46-6.135 11.46-11.459 0-.174 0-.348-.015-.523a8.654 8.654 0 0 0 2.02-2.084z\"\/>\n\t\t\t<\/svg><\/span>\n\t\t\t\t<\/a>\n\t\t\t<\/div>\n\t\t<\/div>\n\n\t<\/div>\n<\/div>\n<\/div>\n<\/div>\n<\/section>\n\n\n\n<p><\/p>\n","protected":false},"excerpt":{"rendered":"","protected":false},"author":9,"featured_media":1866,"comment_status":"open","ping_status":"open","sticky":false,"template":"","format":"standard","meta":{"inline_featured_image":false,"footnotes":""},"categories":[32,10],"tags":[77],"class_list":["post-3465","post","type-post","status-publish","format-standard","has-post-thumbnail","hentry","category-alert","category-podatki-ksiegowosc","tag-podatki"],"yoast_head":"<!-- This site is optimized with the Yoast SEO plugin v24.8 - https:\/\/yoast.com\/wordpress\/plugins\/seo\/ -->\n<title>Ni\u017csze limity podatkowe w 2026 roku<\/title>\n<meta name=\"description\" content=\"Dowiedz si\u0119, na jakich zasadach obliczane s\u0105 limity podatkowe, czym jest status ma\u0142ego podatnika oraz zobacz por\u00f3wnanie limit\u00f3w w roku 2025 i 2026.\" \/>\n<meta name=\"robots\" content=\"index, follow, max-snippet:-1, max-image-preview:large, max-video-preview:-1\" \/>\n<link rel=\"canonical\" href=\"https:\/\/koda-advisory.pl\/pl\/blog\/2025\/10\/30\/nizsze-limity-podatkowe-w-2026-roku\/\" \/>\n<meta property=\"og:locale\" content=\"pl_PL\" \/>\n<meta property=\"og:type\" content=\"article\" \/>\n<meta property=\"og:title\" content=\"Ni\u017csze limity podatkowe w 2026 roku\" \/>\n<meta property=\"og:description\" content=\"Dowiedz si\u0119, na jakich zasadach obliczane s\u0105 limity podatkowe, czym jest status ma\u0142ego podatnika oraz zobacz por\u00f3wnanie limit\u00f3w w roku 2025 i 2026.\" \/>\n<meta property=\"og:url\" content=\"https:\/\/koda-advisory.pl\/pl\/blog\/2025\/10\/30\/nizsze-limity-podatkowe-w-2026-roku\/\" \/>\n<meta property=\"og:site_name\" content=\"Koda Advisory PL\" \/>\n<meta property=\"article:publisher\" content=\"https:\/\/www.facebook.com\/Koda.Advisory\/\" \/>\n<meta property=\"article:published_time\" content=\"2025-10-30T12:19:52+00:00\" \/>\n<meta property=\"article:modified_time\" content=\"2025-10-30T13:15:33+00:00\" \/>\n<meta property=\"og:image\" content=\"https:\/\/koda-advisory.pl\/pl\/wp-content\/uploads\/sites\/2\/2024\/01\/volkan-olmez-aG-pvyMsbis-unsplash.jpg\" \/>\n\t<meta property=\"og:image:width\" content=\"1800\" \/>\n\t<meta property=\"og:image:height\" content=\"1200\" \/>\n\t<meta property=\"og:image:type\" content=\"image\/jpeg\" \/>\n<meta name=\"author\" content=\"kkabus\" \/>\n<meta name=\"twitter:card\" content=\"summary_large_image\" \/>\n<meta name=\"twitter:label1\" content=\"Napisane przez\" \/>\n\t<meta name=\"twitter:data1\" content=\"kkabus\" \/>\n\t<meta name=\"twitter:label2\" content=\"Szacowany czas czytania\" \/>\n\t<meta name=\"twitter:data2\" content=\"9 minut\" \/>\n<script type=\"application\/ld+json\" class=\"yoast-schema-graph\">{\"@context\":\"https:\/\/schema.org\",\"@graph\":[{\"@type\":\"Article\",\"@id\":\"https:\/\/koda-advisory.pl\/pl\/blog\/2025\/10\/30\/nizsze-limity-podatkowe-w-2026-roku\/#article\",\"isPartOf\":{\"@id\":\"https:\/\/koda-advisory.pl\/pl\/blog\/2025\/10\/30\/nizsze-limity-podatkowe-w-2026-roku\/\"},\"author\":{\"name\":\"kkabus\",\"@id\":\"https:\/\/koda-advisory.pl\/pl\/#\/schema\/person\/9b61830e7c8aeb421e38afd6cc74f578\"},\"headline\":\"Ni\u017csze limity podatkowe w 2026 roku\",\"datePublished\":\"2025-10-30T12:19:52+00:00\",\"dateModified\":\"2025-10-30T13:15:33+00:00\",\"mainEntityOfPage\":{\"@id\":\"https:\/\/koda-advisory.pl\/pl\/blog\/2025\/10\/30\/nizsze-limity-podatkowe-w-2026-roku\/\"},\"wordCount\":1442,\"commentCount\":0,\"publisher\":{\"@id\":\"https:\/\/koda-advisory.pl\/pl\/#organization\"},\"image\":{\"@id\":\"https:\/\/koda-advisory.pl\/pl\/blog\/2025\/10\/30\/nizsze-limity-podatkowe-w-2026-roku\/#primaryimage\"},\"thumbnailUrl\":\"https:\/\/koda-advisory.pl\/pl\/wp-content\/uploads\/sites\/2\/2024\/01\/volkan-olmez-aG-pvyMsbis-unsplash.jpg\",\"keywords\":[\"podatki\"],\"articleSection\":[\"Alert\",\"Podatki &amp; Ksi\u0119gowo\u015b\u0107\"],\"inLanguage\":\"pl-PL\",\"potentialAction\":[{\"@type\":\"CommentAction\",\"name\":\"Comment\",\"target\":[\"https:\/\/koda-advisory.pl\/pl\/blog\/2025\/10\/30\/nizsze-limity-podatkowe-w-2026-roku\/#respond\"]}]},{\"@type\":\"WebPage\",\"@id\":\"https:\/\/koda-advisory.pl\/pl\/blog\/2025\/10\/30\/nizsze-limity-podatkowe-w-2026-roku\/\",\"url\":\"https:\/\/koda-advisory.pl\/pl\/blog\/2025\/10\/30\/nizsze-limity-podatkowe-w-2026-roku\/\",\"name\":\"Ni\u017csze limity podatkowe w 2026 roku\",\"isPartOf\":{\"@id\":\"https:\/\/koda-advisory.pl\/pl\/#website\"},\"primaryImageOfPage\":{\"@id\":\"https:\/\/koda-advisory.pl\/pl\/blog\/2025\/10\/30\/nizsze-limity-podatkowe-w-2026-roku\/#primaryimage\"},\"image\":{\"@id\":\"https:\/\/koda-advisory.pl\/pl\/blog\/2025\/10\/30\/nizsze-limity-podatkowe-w-2026-roku\/#primaryimage\"},\"thumbnailUrl\":\"https:\/\/koda-advisory.pl\/pl\/wp-content\/uploads\/sites\/2\/2024\/01\/volkan-olmez-aG-pvyMsbis-unsplash.jpg\",\"datePublished\":\"2025-10-30T12:19:52+00:00\",\"dateModified\":\"2025-10-30T13:15:33+00:00\",\"description\":\"Dowiedz si\u0119, na jakich zasadach obliczane s\u0105 limity podatkowe, czym jest status ma\u0142ego podatnika oraz zobacz por\u00f3wnanie limit\u00f3w w roku 2025 i 2026.\",\"breadcrumb\":{\"@id\":\"https:\/\/koda-advisory.pl\/pl\/blog\/2025\/10\/30\/nizsze-limity-podatkowe-w-2026-roku\/#breadcrumb\"},\"inLanguage\":\"pl-PL\",\"potentialAction\":[{\"@type\":\"ReadAction\",\"target\":[\"https:\/\/koda-advisory.pl\/pl\/blog\/2025\/10\/30\/nizsze-limity-podatkowe-w-2026-roku\/\"]}]},{\"@type\":\"ImageObject\",\"inLanguage\":\"pl-PL\",\"@id\":\"https:\/\/koda-advisory.pl\/pl\/blog\/2025\/10\/30\/nizsze-limity-podatkowe-w-2026-roku\/#primaryimage\",\"url\":\"https:\/\/koda-advisory.pl\/pl\/wp-content\/uploads\/sites\/2\/2024\/01\/volkan-olmez-aG-pvyMsbis-unsplash.jpg\",\"contentUrl\":\"https:\/\/koda-advisory.pl\/pl\/wp-content\/uploads\/sites\/2\/2024\/01\/volkan-olmez-aG-pvyMsbis-unsplash.jpg\",\"width\":1800,\"height\":1200},{\"@type\":\"BreadcrumbList\",\"@id\":\"https:\/\/koda-advisory.pl\/pl\/blog\/2025\/10\/30\/nizsze-limity-podatkowe-w-2026-roku\/#breadcrumb\",\"itemListElement\":[{\"@type\":\"ListItem\",\"position\":1,\"name\":\"Home\",\"item\":\"https:\/\/koda-advisory.pl\/pl\/\"},{\"@type\":\"ListItem\",\"position\":2,\"name\":\"Ni\u017csze limity podatkowe w 2026 roku\"}]},{\"@type\":\"WebSite\",\"@id\":\"https:\/\/koda-advisory.pl\/pl\/#website\",\"url\":\"https:\/\/koda-advisory.pl\/pl\/\",\"name\":\"Koda Advisory PL\",\"description\":\"\",\"publisher\":{\"@id\":\"https:\/\/koda-advisory.pl\/pl\/#organization\"},\"potentialAction\":[{\"@type\":\"SearchAction\",\"target\":{\"@type\":\"EntryPoint\",\"urlTemplate\":\"https:\/\/koda-advisory.pl\/pl\/?s={search_term_string}\"},\"query-input\":{\"@type\":\"PropertyValueSpecification\",\"valueRequired\":true,\"valueName\":\"search_term_string\"}}],\"inLanguage\":\"pl-PL\"},{\"@type\":\"Organization\",\"@id\":\"https:\/\/koda-advisory.pl\/pl\/#organization\",\"name\":\"Koda Advisory\",\"url\":\"https:\/\/koda-advisory.pl\/pl\/\",\"logo\":{\"@type\":\"ImageObject\",\"inLanguage\":\"pl-PL\",\"@id\":\"https:\/\/koda-advisory.pl\/pl\/#\/schema\/logo\/image\/\",\"url\":\"https:\/\/koda-advisory.pl\/pl\/wp-content\/uploads\/sites\/2\/2023\/07\/logo-dark-blue.svg\",\"contentUrl\":\"https:\/\/koda-advisory.pl\/pl\/wp-content\/uploads\/sites\/2\/2023\/07\/logo-dark-blue.svg\",\"width\":1,\"height\":1,\"caption\":\"Koda Advisory\"},\"image\":{\"@id\":\"https:\/\/koda-advisory.pl\/pl\/#\/schema\/logo\/image\/\"},\"sameAs\":[\"https:\/\/www.facebook.com\/Koda.Advisory\/\",\"https:\/\/www.linkedin.com\/company\/99105218\"]},{\"@type\":\"Person\",\"@id\":\"https:\/\/koda-advisory.pl\/pl\/#\/schema\/person\/9b61830e7c8aeb421e38afd6cc74f578\",\"name\":\"kkabus\",\"image\":{\"@type\":\"ImageObject\",\"inLanguage\":\"pl-PL\",\"@id\":\"https:\/\/koda-advisory.pl\/pl\/#\/schema\/person\/image\/\",\"url\":\"https:\/\/secure.gravatar.com\/avatar\/20951c6301c600c3c1dce7797cb6d9f0?s=96&d=mm&r=g\",\"contentUrl\":\"https:\/\/secure.gravatar.com\/avatar\/20951c6301c600c3c1dce7797cb6d9f0?s=96&d=mm&r=g\",\"caption\":\"kkabus\"},\"url\":\"https:\/\/koda-advisory.pl\/pl\/blog\/author\/kkabus\/\"}]}<\/script>\n<!-- \/ Yoast SEO plugin. -->","yoast_head_json":{"title":"Ni\u017csze limity podatkowe w 2026 roku","description":"Dowiedz si\u0119, na jakich zasadach obliczane s\u0105 limity podatkowe, czym jest status ma\u0142ego podatnika oraz zobacz por\u00f3wnanie limit\u00f3w w roku 2025 i 2026.","robots":{"index":"index","follow":"follow","max-snippet":"max-snippet:-1","max-image-preview":"max-image-preview:large","max-video-preview":"max-video-preview:-1"},"canonical":"https:\/\/koda-advisory.pl\/pl\/blog\/2025\/10\/30\/nizsze-limity-podatkowe-w-2026-roku\/","og_locale":"pl_PL","og_type":"article","og_title":"Ni\u017csze limity podatkowe w 2026 roku","og_description":"Dowiedz si\u0119, na jakich zasadach obliczane s\u0105 limity podatkowe, czym jest status ma\u0142ego podatnika oraz zobacz por\u00f3wnanie limit\u00f3w w roku 2025 i 2026.","og_url":"https:\/\/koda-advisory.pl\/pl\/blog\/2025\/10\/30\/nizsze-limity-podatkowe-w-2026-roku\/","og_site_name":"Koda Advisory PL","article_publisher":"https:\/\/www.facebook.com\/Koda.Advisory\/","article_published_time":"2025-10-30T12:19:52+00:00","article_modified_time":"2025-10-30T13:15:33+00:00","og_image":[{"width":1800,"height":1200,"url":"https:\/\/koda-advisory.pl\/pl\/wp-content\/uploads\/sites\/2\/2024\/01\/volkan-olmez-aG-pvyMsbis-unsplash.jpg","type":"image\/jpeg"}],"author":"kkabus","twitter_card":"summary_large_image","twitter_misc":{"Napisane przez":"kkabus","Szacowany czas czytania":"9 minut"},"schema":{"@context":"https:\/\/schema.org","@graph":[{"@type":"Article","@id":"https:\/\/koda-advisory.pl\/pl\/blog\/2025\/10\/30\/nizsze-limity-podatkowe-w-2026-roku\/#article","isPartOf":{"@id":"https:\/\/koda-advisory.pl\/pl\/blog\/2025\/10\/30\/nizsze-limity-podatkowe-w-2026-roku\/"},"author":{"name":"kkabus","@id":"https:\/\/koda-advisory.pl\/pl\/#\/schema\/person\/9b61830e7c8aeb421e38afd6cc74f578"},"headline":"Ni\u017csze limity podatkowe w 2026 roku","datePublished":"2025-10-30T12:19:52+00:00","dateModified":"2025-10-30T13:15:33+00:00","mainEntityOfPage":{"@id":"https:\/\/koda-advisory.pl\/pl\/blog\/2025\/10\/30\/nizsze-limity-podatkowe-w-2026-roku\/"},"wordCount":1442,"commentCount":0,"publisher":{"@id":"https:\/\/koda-advisory.pl\/pl\/#organization"},"image":{"@id":"https:\/\/koda-advisory.pl\/pl\/blog\/2025\/10\/30\/nizsze-limity-podatkowe-w-2026-roku\/#primaryimage"},"thumbnailUrl":"https:\/\/koda-advisory.pl\/pl\/wp-content\/uploads\/sites\/2\/2024\/01\/volkan-olmez-aG-pvyMsbis-unsplash.jpg","keywords":["podatki"],"articleSection":["Alert","Podatki &amp; Ksi\u0119gowo\u015b\u0107"],"inLanguage":"pl-PL","potentialAction":[{"@type":"CommentAction","name":"Comment","target":["https:\/\/koda-advisory.pl\/pl\/blog\/2025\/10\/30\/nizsze-limity-podatkowe-w-2026-roku\/#respond"]}]},{"@type":"WebPage","@id":"https:\/\/koda-advisory.pl\/pl\/blog\/2025\/10\/30\/nizsze-limity-podatkowe-w-2026-roku\/","url":"https:\/\/koda-advisory.pl\/pl\/blog\/2025\/10\/30\/nizsze-limity-podatkowe-w-2026-roku\/","name":"Ni\u017csze limity podatkowe w 2026 roku","isPartOf":{"@id":"https:\/\/koda-advisory.pl\/pl\/#website"},"primaryImageOfPage":{"@id":"https:\/\/koda-advisory.pl\/pl\/blog\/2025\/10\/30\/nizsze-limity-podatkowe-w-2026-roku\/#primaryimage"},"image":{"@id":"https:\/\/koda-advisory.pl\/pl\/blog\/2025\/10\/30\/nizsze-limity-podatkowe-w-2026-roku\/#primaryimage"},"thumbnailUrl":"https:\/\/koda-advisory.pl\/pl\/wp-content\/uploads\/sites\/2\/2024\/01\/volkan-olmez-aG-pvyMsbis-unsplash.jpg","datePublished":"2025-10-30T12:19:52+00:00","dateModified":"2025-10-30T13:15:33+00:00","description":"Dowiedz si\u0119, na jakich zasadach obliczane s\u0105 limity podatkowe, czym jest status ma\u0142ego podatnika oraz zobacz por\u00f3wnanie limit\u00f3w w roku 2025 i 2026.","breadcrumb":{"@id":"https:\/\/koda-advisory.pl\/pl\/blog\/2025\/10\/30\/nizsze-limity-podatkowe-w-2026-roku\/#breadcrumb"},"inLanguage":"pl-PL","potentialAction":[{"@type":"ReadAction","target":["https:\/\/koda-advisory.pl\/pl\/blog\/2025\/10\/30\/nizsze-limity-podatkowe-w-2026-roku\/"]}]},{"@type":"ImageObject","inLanguage":"pl-PL","@id":"https:\/\/koda-advisory.pl\/pl\/blog\/2025\/10\/30\/nizsze-limity-podatkowe-w-2026-roku\/#primaryimage","url":"https:\/\/koda-advisory.pl\/pl\/wp-content\/uploads\/sites\/2\/2024\/01\/volkan-olmez-aG-pvyMsbis-unsplash.jpg","contentUrl":"https:\/\/koda-advisory.pl\/pl\/wp-content\/uploads\/sites\/2\/2024\/01\/volkan-olmez-aG-pvyMsbis-unsplash.jpg","width":1800,"height":1200},{"@type":"BreadcrumbList","@id":"https:\/\/koda-advisory.pl\/pl\/blog\/2025\/10\/30\/nizsze-limity-podatkowe-w-2026-roku\/#breadcrumb","itemListElement":[{"@type":"ListItem","position":1,"name":"Home","item":"https:\/\/koda-advisory.pl\/pl\/"},{"@type":"ListItem","position":2,"name":"Ni\u017csze limity podatkowe w 2026 roku"}]},{"@type":"WebSite","@id":"https:\/\/koda-advisory.pl\/pl\/#website","url":"https:\/\/koda-advisory.pl\/pl\/","name":"Koda Advisory PL","description":"","publisher":{"@id":"https:\/\/koda-advisory.pl\/pl\/#organization"},"potentialAction":[{"@type":"SearchAction","target":{"@type":"EntryPoint","urlTemplate":"https:\/\/koda-advisory.pl\/pl\/?s={search_term_string}"},"query-input":{"@type":"PropertyValueSpecification","valueRequired":true,"valueName":"search_term_string"}}],"inLanguage":"pl-PL"},{"@type":"Organization","@id":"https:\/\/koda-advisory.pl\/pl\/#organization","name":"Koda Advisory","url":"https:\/\/koda-advisory.pl\/pl\/","logo":{"@type":"ImageObject","inLanguage":"pl-PL","@id":"https:\/\/koda-advisory.pl\/pl\/#\/schema\/logo\/image\/","url":"https:\/\/koda-advisory.pl\/pl\/wp-content\/uploads\/sites\/2\/2023\/07\/logo-dark-blue.svg","contentUrl":"https:\/\/koda-advisory.pl\/pl\/wp-content\/uploads\/sites\/2\/2023\/07\/logo-dark-blue.svg","width":1,"height":1,"caption":"Koda Advisory"},"image":{"@id":"https:\/\/koda-advisory.pl\/pl\/#\/schema\/logo\/image\/"},"sameAs":["https:\/\/www.facebook.com\/Koda.Advisory\/","https:\/\/www.linkedin.com\/company\/99105218"]},{"@type":"Person","@id":"https:\/\/koda-advisory.pl\/pl\/#\/schema\/person\/9b61830e7c8aeb421e38afd6cc74f578","name":"kkabus","image":{"@type":"ImageObject","inLanguage":"pl-PL","@id":"https:\/\/koda-advisory.pl\/pl\/#\/schema\/person\/image\/","url":"https:\/\/secure.gravatar.com\/avatar\/20951c6301c600c3c1dce7797cb6d9f0?s=96&d=mm&r=g","contentUrl":"https:\/\/secure.gravatar.com\/avatar\/20951c6301c600c3c1dce7797cb6d9f0?s=96&d=mm&r=g","caption":"kkabus"},"url":"https:\/\/koda-advisory.pl\/pl\/blog\/author\/kkabus\/"}]}},"post_thumbnail":{"src":"https:\/\/koda-advisory.pl\/pl\/wp-content\/uploads\/sites\/2\/2024\/01\/volkan-olmez-aG-pvyMsbis-unsplash-512x341.jpg","width":512,"height":341,"caption":""},"author_info":{"display_name":"kkabus","author_link":"https:\/\/koda-advisory.pl\/pl\/blog\/author\/kkabus\/","avatar":"<img alt='' src='https:\/\/secure.gravatar.com\/avatar\/20951c6301c600c3c1dce7797cb6d9f0?s=48&#038;d=mm&#038;r=g' srcset='https:\/\/secure.gravatar.com\/avatar\/20951c6301c600c3c1dce7797cb6d9f0?s=96&#038;d=mm&#038;r=g 2x' class='avatar avatar-48 photo' height='48' width='48' loading='lazy' decoding='async'\/>"},"post_categories":[{"category_link":"https:\/\/koda-advisory.pl\/pl\/blog\/category\/alert\/","category_name":"Alert"},{"category_link":"https:\/\/koda-advisory.pl\/pl\/blog\/category\/podatki-ksiegowosc\/","category_name":"Podatki &amp; Ksi\u0119gowo\u015b\u0107"}],"_links":{"self":[{"href":"https:\/\/koda-advisory.pl\/pl\/wp-json\/wp\/v2\/posts\/3465","targetHints":{"allow":["GET"]}}],"collection":[{"href":"https:\/\/koda-advisory.pl\/pl\/wp-json\/wp\/v2\/posts"}],"about":[{"href":"https:\/\/koda-advisory.pl\/pl\/wp-json\/wp\/v2\/types\/post"}],"author":[{"embeddable":true,"href":"https:\/\/koda-advisory.pl\/pl\/wp-json\/wp\/v2\/users\/9"}],"replies":[{"embeddable":true,"href":"https:\/\/koda-advisory.pl\/pl\/wp-json\/wp\/v2\/comments?post=3465"}],"version-history":[{"count":5,"href":"https:\/\/koda-advisory.pl\/pl\/wp-json\/wp\/v2\/posts\/3465\/revisions"}],"predecessor-version":[{"id":3474,"href":"https:\/\/koda-advisory.pl\/pl\/wp-json\/wp\/v2\/posts\/3465\/revisions\/3474"}],"wp:featuredmedia":[{"embeddable":true,"href":"https:\/\/koda-advisory.pl\/pl\/wp-json\/wp\/v2\/media\/1866"}],"wp:attachment":[{"href":"https:\/\/koda-advisory.pl\/pl\/wp-json\/wp\/v2\/media?parent=3465"}],"wp:term":[{"taxonomy":"category","embeddable":true,"href":"https:\/\/koda-advisory.pl\/pl\/wp-json\/wp\/v2\/categories?post=3465"},{"taxonomy":"post_tag","embeddable":true,"href":"https:\/\/koda-advisory.pl\/pl\/wp-json\/wp\/v2\/tags?post=3465"}],"curies":[{"name":"wp","href":"https:\/\/api.w.org\/{rel}","templated":true}]}}